{"id":72836,"date":"2020-07-13T08:26:14","date_gmt":"2020-07-13T11:26:14","guid":{"rendered":"http:\/\/vinasfm.com\/noticias\/?p=72836"},"modified":"2020-07-14T12:17:18","modified_gmt":"2020-07-14T15:17:18","slug":"buscan-saber-si-hay-otro-sistema-para-financiar-el-acueducto-monte-coman-la-horqueta","status":"publish","type":"post","link":"https:\/\/vinasfm.com\/noticias\/buscan-saber-si-hay-otro-sistema-para-financiar-el-acueducto-monte-coman-la-horqueta\/","title":{"rendered":"BUSCAN SABER SI HAY OTRO SISTEMA PARA FINANCIAR EL ACUEDUCTO MONTE COM\u00c1N \u2013 LA HORQUETA"},"content":{"rendered":"<h4><strong>D\u00edas atr\u00e1s se\u00a0 daba cuenta de la cancelaci\u00f3n por parte del Banco Interamericano de Desarrollo del financiamiento al proyecto del acueducto Monte Com\u00e1n \u2013 La Horqueta por problemas en el proceso de licitaci\u00f3n.<\/strong><\/h4>\n<p>En este sentido, desde la Legislatura pidieron informes sobre este asunto, que llev\u00f3 al organismo internacional a cancelar el aporte para que se pueda concretar una obra muy esperada, especialmente por el sector ganadero de esta parte de la provincia.<\/p>\n<p>El proyecto, al que tuvo acceso el periodismo, tiene por objeto \u201csolicitar al Departamento General de Irrigaci\u00f3n que informe con car\u00e1cter de urgente los motivos de la cancelaci\u00f3n por parte del BID al financiamiento de la obra: acueducto ganadero Monte Com\u00e1n -La Horqueta\u201d.<\/p>\n<p>La obra, que hab\u00eda sido licitada a fines del a\u00f1o pasado y contaba con 12 oferentes, tiene como objetivos principales el aumento en la producci\u00f3n, ya que permitir\u00eda explotar aquellos campos que no pod\u00edan ser usados por la falta de agua y la mala calidad de esta.<\/p>\n<p>Otro de los aspectos beneficiosos tiene que ver con la reducci\u00f3n de los costos de mantenimiento de pozos, molinos o bombas. Se incorporar\u00edan tambi\u00e9n sistemas presurizados para la actividad ganadera, siendo esta una propuesta de innovaci\u00f3n tecnol\u00f3gica sumamente importante en la provincia.<\/p>\n<p>\u201cEsta obra ser\u00eda financiada por el \u2018Programa de Mendoza Tecnol\u00f3gica\u2019, con financiamiento del Pr\u00e9stamo BID 3169 OC-AR y Aporte Provincial. Sin embargo, nos encontramos con la noticia de que el Banco Interamericano de Desarrollo decidi\u00f3 cancelar la financiaci\u00f3n de la obra que beneficiar\u00eda a gran parte del Sur mendocino\u201d, explica el proyecto presentado por el legislador Gustavo Majstruk.<\/p>\n<p>\u201cConstantes han sido los rumores sobre irregularidades, algunas denuncias y dem\u00e1s comentarios que imposibilitan entender y tener claridad sobre los hechos reales y concretos que truncan hoy el sue\u00f1o de muchos en el Sur mendocino. Sin dejar de mencionar que en este contexto en el que vivimos, una gran crisis mundial, producto de la pandemia, poder concretar obras como estas ayuda a generar empleo y es un aporte a que la econom\u00eda de toda la provincia empiece a circular\u201d, destaca la iniciativa.<\/p>\n<p>Entre los pedidos se destacan los \u201cmotivos por los que el Banco Interamericano de Desarrollo cancela la financiaci\u00f3n de la obra\u201d y si se \u201ccuenta con otro sistema de financiaci\u00f3n para la concreci\u00f3n de la misma, o no se llevar\u00e1 a cabo\u201d.<\/p>\n<h4><strong>COSTOS Y EMPRESAS<\/strong><\/h4>\n<p>El valor de la obra asciende a los 11.330.000 d\u00f3lares e iba a estar a cargo del Programa de Mendoza Tecnol\u00f3gica con financiamiento del Pr\u00e9stamo BID 3169 OC-AR y Aporte Provincial.<\/p>\n<p>Fueron 12 las empresas que se hab\u00edan presentado en su momento, entre ellas las UTE Laugero \u2013 Corporaci\u00f3n Sur, Hugo Ojeda \u2013 Ecosur Bah\u00eda, Ludwing Pfeiffer, Rovella Carranza, CEOSA \u2013 Obras Andinas, Stornini \u2013 AIFRA, GENCO \u2013 Riec, Proyecci\u00f3n Electrolux, Eleprint \u2013 VialNorcar, Mapal SACIA y CIASTA \u2013 Minera Zlato Dafre.<\/p>\n<p>Un dato a tener en cuenta es que el 40% del costo total de la obra ser\u00eda reembolsado en 20 a\u00f1os por los productores beneficiarios del acueducto.<\/p>\n<p>El acueducto ganadero se desarrollar\u00e1 entre San Rafael y La Paz, abasteciendo de agua potable a 89 explotaciones agropecuarias. Irrigar\u00e1 una superficie de 434.580 hect\u00e1reas a trav\u00e9s de 291 kil\u00f3metros de ca\u00f1er\u00edas.<\/p>\n<p>El BID decidi\u00f3 suspender el financiamiento por irregularidades en cuanto a la confidencialidad en el proceso licitatorio (a cargo del Departamento General de Irrigaci\u00f3n) y las denuncias por parte de las empresas oferentes.<\/p>\n<h5><strong><em>Fuente: Diario San Rafael \/ A.C.<\/em><\/strong><\/h5>\n","protected":false},"excerpt":{"rendered":"<p>D\u00edas atr\u00e1s se\u00a0 daba cuenta de la cancelaci\u00f3n por parte del Banco Interamericano de Desarrollo del financiamiento al proyecto del acueducto &#8230;<\/p>\n","protected":false},"author":7,"featured_media":59445,"comment_status":"open","ping_status":"open","sticky":false,"template":"","format":"standard","meta":{"footnotes":""},"categories":[5,10],"tags":[],"class_list":["post-72836","post","type-post","status-publish","format-standard","has-post-thumbnail","hentry","category-actualidad","category-destacadas"],"_links":{"self":[{"href":"https:\/\/vinasfm.com\/noticias\/wp-json\/wp\/v2\/posts\/72836","targetHints":{"allow":["GET"]}}],"collection":[{"href":"https:\/\/vinasfm.com\/noticias\/wp-json\/wp\/v2\/posts"}],"about":[{"href":"https:\/\/vinasfm.com\/noticias\/wp-json\/wp\/v2\/types\/post"}],"author":[{"embeddable":true,"href":"https:\/\/vinasfm.com\/noticias\/wp-json\/wp\/v2\/users\/7"}],"replies":[{"embeddable":true,"href":"https:\/\/vinasfm.com\/noticias\/wp-json\/wp\/v2\/comments?post=72836"}],"version-history":[{"count":2,"href":"https:\/\/vinasfm.com\/noticias\/wp-json\/wp\/v2\/posts\/72836\/revisions"}],"predecessor-version":[{"id":72873,"href":"https:\/\/vinasfm.com\/noticias\/wp-json\/wp\/v2\/posts\/72836\/revisions\/72873"}],"wp:featuredmedia":[{"embeddable":true,"href":"https:\/\/vinasfm.com\/noticias\/wp-json\/wp\/v2\/media\/59445"}],"wp:attachment":[{"href":"https:\/\/vinasfm.com\/noticias\/wp-json\/wp\/v2\/media?parent=72836"}],"wp:term":[{"taxonomy":"category","embeddable":true,"href":"https:\/\/vinasfm.com\/noticias\/wp-json\/wp\/v2\/categories?post=72836"},{"taxonomy":"post_tag","embeddable":true,"href":"https:\/\/vinasfm.com\/noticias\/wp-json\/wp\/v2\/tags?post=72836"}],"curies":[{"name":"wp","href":"https:\/\/api.w.org\/{rel}","templated":true}]}}