{"id":72826,"date":"2020-07-13T07:35:52","date_gmt":"2020-07-13T10:35:52","guid":{"rendered":"http:\/\/vinasfm.com\/noticias\/?p=72826"},"modified":"2020-07-14T12:17:26","modified_gmt":"2020-07-14T15:17:26","slug":"san-rafael-estaba-en-cuarentena-y-se-fugo-por-la-ventana-del-hotel","status":"publish","type":"post","link":"https:\/\/vinasfm.com\/noticias\/san-rafael-estaba-en-cuarentena-y-se-fugo-por-la-ventana-del-hotel\/","title":{"rendered":"SAN RAFAEL: ESTABA EN CUARENTENA Y SE FUG\u00d3 POR LA VENTANA DEL HOTEL"},"content":{"rendered":"<h4><strong>Un joven de 21 a\u00f1os que realizaba el aislamiento obligatorio en un hotel ubicado en el centro de San Rafael, decidi\u00f3 escaparse a la usanza de las viejas pel\u00edculas.<\/strong><\/h4>\n<p>El muchacho fue identificado como <strong>Facundo Nahuel L\u00f3pez<\/strong> y hab\u00eda llegado a la provincia el 4 de julio. Como lo dispone el decreto del Poder Ejecutivo, fue derivado al hotel Milenium -ubicado en la calle Day de la ciudad sure\u00f1a- para cumplir con los\u00a014\u00a0d\u00edas pertinentes.<\/p>\n<p>Sin embargo, <strong>el joven decidi\u00f3 romper con la cuarentena<\/strong>. Las primeras versiones dan cuenta de que <strong>hab\u00eda llegado desde la localidad neuquina de Rinc\u00f3n de los Sauces<\/strong> y tiene domicilio en la <strong>Isla del R\u00edo Diamante<\/strong>.<\/p>\n<p>Dado que <strong>su habitaci\u00f3n se encontraba en el cuarto piso<\/strong>, decidi\u00f3 utilizar varios juegos de\u00a0s\u00e1banas\u00a0del\u00a0alojamiento, las at\u00f3 unas con otras y, como si fuera una cuerda, las tir\u00f3 por la ventana.<\/p>\n<p>De esta manera, logr\u00f3 hacerse con la calle, donde escap\u00f3 velozmente.<\/p>\n<p>La fuga fue detectada por\u00a0el encargado del hotel not\u00f3 que\u00a0el hu\u00e9sped (que en cuesti\u00f3n de d\u00edas terminaba su periodo de aislamiento) no respond\u00eda al llamado y al ingresar a la habitaci\u00f3n, vio la s\u00e1bana colgando por la ventana.<\/p>\n<p>El ins\u00f3lito hecho trascendi\u00f3 en las \u00faltimas horas y la polic\u00eda del vecino departamento busca intensamente al joven.<\/p>\n","protected":false},"excerpt":{"rendered":"<p>Un joven de 21 a\u00f1os que realizaba el aislamiento obligatorio en un hotel ubicado en el centro de San Rafael, decidi\u00f3 &#8230;<\/p>\n","protected":false},"author":8,"featured_media":72827,"comment_status":"open","ping_status":"open","sticky":false,"template":"","format":"standard","meta":{"footnotes":""},"categories":[5,10],"tags":[],"class_list":["post-72826","post","type-post","status-publish","format-standard","has-post-thumbnail","hentry","category-actualidad","category-destacadas"],"_links":{"self":[{"href":"https:\/\/vinasfm.com\/noticias\/wp-json\/wp\/v2\/posts\/72826","targetHints":{"allow":["GET"]}}],"collection":[{"href":"https:\/\/vinasfm.com\/noticias\/wp-json\/wp\/v2\/posts"}],"about":[{"href":"https:\/\/vinasfm.com\/noticias\/wp-json\/wp\/v2\/types\/post"}],"author":[{"embeddable":true,"href":"https:\/\/vinasfm.com\/noticias\/wp-json\/wp\/v2\/users\/8"}],"replies":[{"embeddable":true,"href":"https:\/\/vinasfm.com\/noticias\/wp-json\/wp\/v2\/comments?post=72826"}],"version-history":[{"count":2,"href":"https:\/\/vinasfm.com\/noticias\/wp-json\/wp\/v2\/posts\/72826\/revisions"}],"predecessor-version":[{"id":72830,"href":"https:\/\/vinasfm.com\/noticias\/wp-json\/wp\/v2\/posts\/72826\/revisions\/72830"}],"wp:featuredmedia":[{"embeddable":true,"href":"https:\/\/vinasfm.com\/noticias\/wp-json\/wp\/v2\/media\/72827"}],"wp:attachment":[{"href":"https:\/\/vinasfm.com\/noticias\/wp-json\/wp\/v2\/media?parent=72826"}],"wp:term":[{"taxonomy":"category","embeddable":true,"href":"https:\/\/vinasfm.com\/noticias\/wp-json\/wp\/v2\/categories?post=72826"},{"taxonomy":"post_tag","embeddable":true,"href":"https:\/\/vinasfm.com\/noticias\/wp-json\/wp\/v2\/tags?post=72826"}],"curies":[{"name":"wp","href":"https:\/\/api.w.org\/{rel}","templated":true}]}}