{"id":72685,"date":"2020-07-09T10:10:26","date_gmt":"2020-07-09T13:10:26","guid":{"rendered":"http:\/\/vinasfm.com\/noticias\/?p=72685"},"modified":"2020-07-09T11:04:12","modified_gmt":"2020-07-09T14:04:12","slug":"perdio-el-dominio-de-su-vehiculo-y-termino-en-el-interior-de-un-desague-2","status":"publish","type":"post","link":"https:\/\/vinasfm.com\/noticias\/perdio-el-dominio-de-su-vehiculo-y-termino-en-el-interior-de-un-desague-2\/","title":{"rendered":"PERDI\u00d3 EL DOMINIO DE SU VEH\u00cdCULO Y TERMIN\u00d3 EN EL INTERIOR DE UN DESAG\u00dcE"},"content":{"rendered":"<h4><strong>Cerca de las 17h de este mi\u00e9rcoles, un hombre perdi\u00f3 el dominio de su veh\u00edculo y termin\u00f3 en el interior de un desag\u00fce a la vera de calle C.<\/strong><\/h4>\n<h4><span style=\"line-height: 1.5;\">Sobre un <\/span><strong style=\"line-height: 1.5;\">Ford Escort<\/strong><span style=\"line-height: 1.5;\"> se desplazaba por <\/span><strong style=\"line-height: 1.5;\">calle C hacia el oeste<\/strong><span style=\"line-height: 1.5;\">, <\/span><strong style=\"line-height: 1.5;\"><em>dos personas de 22 y 19 a\u00f1os<\/em><\/strong><span style=\"line-height: 1.5;\">. El conductor del rodado, de apellido <\/span><em style=\"line-height: 1.5;\">Olmedo<\/em><span style=\"line-height: 1.5;\">, <\/span><strong style=\"line-height: 1.5;\">perdi\u00f3 el dominio del veh\u00edculo tras una mala maniobra y cay\u00f3 al interior de un desag\u00fce quedando con sus cuatro ruedas hacia arriba<\/strong><span style=\"line-height: 1.5;\">, provocando que la acompa\u00f1ante, de apellido <\/span><em style=\"line-height: 1.5;\">Molina<\/em><span style=\"line-height: 1.5;\"> resultara lesionada.<\/span><\/h4>\n<p>Una ambulancia se hizo presente en el lugar del siniestro y traslad\u00f3 hasta el Hospital Regional a la joven que revest\u00eda <strong><em>politraumatismos<\/em><\/strong>, motivo por lo el cual <strong>qued\u00f3 internada en Observaci\u00f3n<\/strong>. Por su parte, <strong>Olmedo no present\u00f3 lesiones<\/strong>.<\/p>\n<p>Trabaj\u00f3 personal de Polic\u00eda Vial y Cient\u00edfica realizando las medidas de rigor y tomando los testimonios de las victimas que se cursaron en la causa que instruye la Unidad Fiscal en averiguaci\u00f3n de los hechos.<\/p>\n<h5><em>\u2022F.B. (F.M. Vi\u00f1as).<\/em><\/h5>\n","protected":false},"excerpt":{"rendered":"<p>Cerca de las 17h de este mi\u00e9rcoles, un hombre perdi\u00f3 el dominio de su veh\u00edculo y termin\u00f3 en el interior de &#8230;<\/p>\n","protected":false},"author":8,"featured_media":34965,"comment_status":"open","ping_status":"open","sticky":false,"template":"","format":"standard","meta":{"footnotes":""},"categories":[5,4],"tags":[],"class_list":["post-72685","post","type-post","status-publish","format-standard","has-post-thumbnail","hentry","category-actualidad","category-policiales"],"_links":{"self":[{"href":"https:\/\/vinasfm.com\/noticias\/wp-json\/wp\/v2\/posts\/72685","targetHints":{"allow":["GET"]}}],"collection":[{"href":"https:\/\/vinasfm.com\/noticias\/wp-json\/wp\/v2\/posts"}],"about":[{"href":"https:\/\/vinasfm.com\/noticias\/wp-json\/wp\/v2\/types\/post"}],"author":[{"embeddable":true,"href":"https:\/\/vinasfm.com\/noticias\/wp-json\/wp\/v2\/users\/8"}],"replies":[{"embeddable":true,"href":"https:\/\/vinasfm.com\/noticias\/wp-json\/wp\/v2\/comments?post=72685"}],"version-history":[{"count":1,"href":"https:\/\/vinasfm.com\/noticias\/wp-json\/wp\/v2\/posts\/72685\/revisions"}],"predecessor-version":[{"id":72697,"href":"https:\/\/vinasfm.com\/noticias\/wp-json\/wp\/v2\/posts\/72685\/revisions\/72697"}],"wp:featuredmedia":[{"embeddable":true,"href":"https:\/\/vinasfm.com\/noticias\/wp-json\/wp\/v2\/media\/34965"}],"wp:attachment":[{"href":"https:\/\/vinasfm.com\/noticias\/wp-json\/wp\/v2\/media?parent=72685"}],"wp:term":[{"taxonomy":"category","embeddable":true,"href":"https:\/\/vinasfm.com\/noticias\/wp-json\/wp\/v2\/categories?post=72685"},{"taxonomy":"post_tag","embeddable":true,"href":"https:\/\/vinasfm.com\/noticias\/wp-json\/wp\/v2\/tags?post=72685"}],"curies":[{"name":"wp","href":"https:\/\/api.w.org\/{rel}","templated":true}]}}