{"id":72608,"date":"2020-07-09T09:10:04","date_gmt":"2020-07-09T12:10:04","guid":{"rendered":"http:\/\/vinasfm.com\/noticias\/?p=72608"},"modified":"2020-07-10T10:13:00","modified_gmt":"2020-07-10T13:13:00","slug":"quien-es-diego-lea-el-hombre-que-ataco-a-la-joven-en-atuel-norte","status":"publish","type":"post","link":"https:\/\/vinasfm.com\/noticias\/quien-es-diego-lea-el-hombre-que-ataco-a-la-joven-en-atuel-norte\/","title":{"rendered":"QUI\u00c9N ES DIEGO LEA, EL HOMBRE QUE ATAC\u00d3 A LA JOVEN EN ATUEL NORTE"},"content":{"rendered":"<h4><strong>Con m\u00e1s de 50 efectivos, perros rastreadores, caballer\u00eda y hasta el helic\u00f3ptero Halc\u00f3n, la Polic\u00eda llev\u00f3 adelante una intensa b\u00fasqueda para dar con Diego Lea, el hombre que apu\u00f1al\u00f3 cinco veces a Tatiana Guzm\u00e1n en Atuel Norte y la dej\u00f3 al borde de la muerte.<\/strong><\/h4>\n<p><strong>Lea fue capturado por la polic\u00eda escondido en un auto en calle \u00abLas Malvinas\u00bb de Atuel Norte.<\/strong><\/p>\n<blockquote><p><strong>Diego Lea<\/strong> (<strong>38<\/strong>)<strong> es de Jujuy pero est\u00e1 asentado en Atuel Norte desde hace a\u00f1os<\/strong>. <strong>Supo trabajar en los hornos de ladrillo y era muy conocido en el poblado. Lo llaman el \u201c<em>Tapado<\/em>\u201d porque siempre anda con la cara cubierta por un pa\u00f1uelo u alg\u00fan otro elemento<\/strong>.<\/p><\/blockquote>\n<p><strong>Lea vive a unos 100 metros de la casa de Guzm\u00e1n<\/strong> y en la tarde del martes aprovech\u00f3 que estaba sola, se meti\u00f3 por una ventana y la atac\u00f3.<\/p>\n<p>Tatiana Guzm\u00e1n recibi\u00f3 varias heridas, una de ellas en el cuello por lo que creen que Lea trat\u00f3 de degollarla.\u00a0<b>La adolescente est\u00e1 internada en terapia intensiva asistida con respirador mec\u00e1nico\u00a0 en el hospital Schestakow con pron\u00f3stico reservado.<\/b><\/p>\n<h5><em>F.M. Vi\u00f1as<\/em><\/h5>\n","protected":false},"excerpt":{"rendered":"<p>Con m\u00e1s de 50 efectivos, perros rastreadores, caballer\u00eda y hasta el helic\u00f3ptero Halc\u00f3n, la Polic\u00eda llev\u00f3 adelante una intensa b\u00fasqueda para &#8230;<\/p>\n","protected":false},"author":8,"featured_media":72609,"comment_status":"open","ping_status":"open","sticky":false,"template":"","format":"standard","meta":{"footnotes":""},"categories":[5,4],"tags":[],"class_list":["post-72608","post","type-post","status-publish","format-standard","has-post-thumbnail","hentry","category-actualidad","category-policiales"],"_links":{"self":[{"href":"https:\/\/vinasfm.com\/noticias\/wp-json\/wp\/v2\/posts\/72608","targetHints":{"allow":["GET"]}}],"collection":[{"href":"https:\/\/vinasfm.com\/noticias\/wp-json\/wp\/v2\/posts"}],"about":[{"href":"https:\/\/vinasfm.com\/noticias\/wp-json\/wp\/v2\/types\/post"}],"author":[{"embeddable":true,"href":"https:\/\/vinasfm.com\/noticias\/wp-json\/wp\/v2\/users\/8"}],"replies":[{"embeddable":true,"href":"https:\/\/vinasfm.com\/noticias\/wp-json\/wp\/v2\/comments?post=72608"}],"version-history":[{"count":2,"href":"https:\/\/vinasfm.com\/noticias\/wp-json\/wp\/v2\/posts\/72608\/revisions"}],"predecessor-version":[{"id":72648,"href":"https:\/\/vinasfm.com\/noticias\/wp-json\/wp\/v2\/posts\/72608\/revisions\/72648"}],"wp:featuredmedia":[{"embeddable":true,"href":"https:\/\/vinasfm.com\/noticias\/wp-json\/wp\/v2\/media\/72609"}],"wp:attachment":[{"href":"https:\/\/vinasfm.com\/noticias\/wp-json\/wp\/v2\/media?parent=72608"}],"wp:term":[{"taxonomy":"category","embeddable":true,"href":"https:\/\/vinasfm.com\/noticias\/wp-json\/wp\/v2\/categories?post=72608"},{"taxonomy":"post_tag","embeddable":true,"href":"https:\/\/vinasfm.com\/noticias\/wp-json\/wp\/v2\/tags?post=72608"}],"curies":[{"name":"wp","href":"https:\/\/api.w.org\/{rel}","templated":true}]}}