{"id":72562,"date":"2020-07-08T08:13:05","date_gmt":"2020-07-08T11:13:05","guid":{"rendered":"http:\/\/vinasfm.com\/noticias\/?p=72562"},"modified":"2020-07-09T11:01:49","modified_gmt":"2020-07-09T14:01:49","slug":"la-impactante-foto-de-la-nevada-en-el-sur-mendocino-tomada-desde-el-espacio","status":"publish","type":"post","link":"https:\/\/vinasfm.com\/noticias\/la-impactante-foto-de-la-nevada-en-el-sur-mendocino-tomada-desde-el-espacio\/","title":{"rendered":"LA IMPACTANTE FOTO DE LA NEVADA EN EL SUR MENDOCINO TOMADA DESDE EL ESPACIO"},"content":{"rendered":"<h4><strong>Las precipitaciones n\u00edveas del \u00faltimo fin de semana \u00a0fueron la \u201cvedette\u201d de las c\u00e1maras de fotos y celulares a lo largo y ancho de la geograf\u00eda mendocina y fueron much\u00edsimas las personas que decidieron compartirlas en las redes sociales.<\/strong><\/h4>\n<p>En medio de todas estas im\u00e1genes apareci\u00f3 una que se llev\u00f3 todos los elogios. Se trata de una imagen que fue tomada desde el espacio donde se puede ver el efecto de la nevada sobre el Sur provincial.<\/p>\n<p>La captura fue compartida originalmente por el cient\u00edfico del Conicet y la Unviersidad Maza Juan Rivera a trav\u00e9s de su cuenta de Twitter y r\u00e1pidamente se empez\u00f3 a viralizar en diferentes redes sociales y hasta por Whatsapp.<\/p>\n<p>El especialista difundi\u00f3 dos im\u00e1genes espaciales, una que muestra la situaci\u00f3n en el Norte y otra en el Sur.<\/p>\n<p>\u201cLa nevada en Mendoza desde el espacio. A ver el ojo cuyano c\u00f3mo anda: en esta imagen se observa el oasis sur de Mendoza rodeado por la nieve, se ve claramente la laguna del Diamante, el r\u00edo Diamante, el r\u00edo Atuel y la laguna Llancanelo congelada\u201d, destac\u00f3 junto a la imagen donde se ve a la zona cordillerana cubierta totalmente de blanco.<\/p>\n<p>\u201cAl norte se observa la precordillera nevada, el dique Potrerillos y la nieve cubriendo un buen tramo de la ruta 7 ingresando al valle de Uspallata. Gran cobertura de nieve al sur de San Mart\u00edn, al este de la ruta 40. Y ni hablar alta monta\u00f1a, cord\u00f3n del Plata, Valle de Uco\u201d, explic\u00f3 Rivera.<\/p>\n<p>Sobre las fotos, cont\u00f3 que \u201cson im\u00e1genes MODIS del sat\u00e9lite Terra\u201d y explic\u00f3 que aquellos que las deseen, las pueden descargar \u201cdel visualizador de la NASA\u201d, ya que son libres.<\/p>\n<h5><strong><em>Fuente: Diario San Rafael \/ A.C.<\/em><\/strong><\/h5>\n","protected":false},"excerpt":{"rendered":"<p>Las precipitaciones n\u00edveas del \u00faltimo fin de semana \u00a0fueron la \u201cvedette\u201d de las c\u00e1maras de fotos y celulares a lo largo &#8230;<\/p>\n","protected":false},"author":7,"featured_media":72563,"comment_status":"open","ping_status":"open","sticky":false,"template":"","format":"standard","meta":{"footnotes":""},"categories":[5,17],"tags":[],"class_list":["post-72562","post","type-post","status-publish","format-standard","has-post-thumbnail","hentry","category-actualidad","category-clima"],"_links":{"self":[{"href":"https:\/\/vinasfm.com\/noticias\/wp-json\/wp\/v2\/posts\/72562","targetHints":{"allow":["GET"]}}],"collection":[{"href":"https:\/\/vinasfm.com\/noticias\/wp-json\/wp\/v2\/posts"}],"about":[{"href":"https:\/\/vinasfm.com\/noticias\/wp-json\/wp\/v2\/types\/post"}],"author":[{"embeddable":true,"href":"https:\/\/vinasfm.com\/noticias\/wp-json\/wp\/v2\/users\/7"}],"replies":[{"embeddable":true,"href":"https:\/\/vinasfm.com\/noticias\/wp-json\/wp\/v2\/comments?post=72562"}],"version-history":[{"count":1,"href":"https:\/\/vinasfm.com\/noticias\/wp-json\/wp\/v2\/posts\/72562\/revisions"}],"predecessor-version":[{"id":72565,"href":"https:\/\/vinasfm.com\/noticias\/wp-json\/wp\/v2\/posts\/72562\/revisions\/72565"}],"wp:featuredmedia":[{"embeddable":true,"href":"https:\/\/vinasfm.com\/noticias\/wp-json\/wp\/v2\/media\/72563"}],"wp:attachment":[{"href":"https:\/\/vinasfm.com\/noticias\/wp-json\/wp\/v2\/media?parent=72562"}],"wp:term":[{"taxonomy":"category","embeddable":true,"href":"https:\/\/vinasfm.com\/noticias\/wp-json\/wp\/v2\/categories?post=72562"},{"taxonomy":"post_tag","embeddable":true,"href":"https:\/\/vinasfm.com\/noticias\/wp-json\/wp\/v2\/tags?post=72562"}],"curies":[{"name":"wp","href":"https:\/\/api.w.org\/{rel}","templated":true}]}}