{"id":72519,"date":"2020-07-07T09:56:09","date_gmt":"2020-07-07T12:56:09","guid":{"rendered":"http:\/\/vinasfm.com\/noticias\/?p=72519"},"modified":"2020-07-08T12:02:12","modified_gmt":"2020-07-08T15:02:12","slug":"victor-alvarez-la-mayoria-de-las-rutas-estan-transitables-pero-con-precaucion","status":"publish","type":"post","link":"https:\/\/vinasfm.com\/noticias\/victor-alvarez-la-mayoria-de-las-rutas-estan-transitables-pero-con-precaucion\/","title":{"rendered":"V\u00cdCTOR \u00c1LVAREZ: \u00abLA MAYOR\u00cdA DE LAS RUTAS EST\u00c1N TRANSITABLES PERO CON PRECAUCI\u00d3N\u00bb"},"content":{"rendered":"<h4><strong>Luego de las nevadas del \u00faltimo fin de semana, gran parte de las rutas de la provincia vieron afectadas su transitabilidad.<\/strong><\/h4>\n<p>En dialogo con F.M. Vi\u00f1as V\u00edctor \u00c1lvarez, Consejero de Vialidad Provincial el sur se\u00f1al\u00f3 que debieron trabajar arduamente en el despeje de caminos, principalmente en la zona de Malarg\u00fce.<\/p>\n<p><strong><em>\u201cLa mayor\u00eda de las rutas est\u00e1n transitables pero con precauci\u00f3n\u201d<\/em><\/strong>, indic\u00f3.<\/p>\n<p>En las cercan\u00edas de General Alvear, s<strong>e debi\u00f3 intervenir en la ruta 190 camino a Punta de Agua<\/strong>. Durante la semana se espera dejar la ruta \u201cen condiciones\u201d.<\/p>\n<p>En cuanto a los c<strong>aminos ganaderos, por las lluvias que precipitaron en todo el secano departamental, se podr\u00e1n mantener en mejor estado que temporadas pasadas<\/strong>. \u201c<em>Hay que aprovechar los momentos en que llueve para poder trabajar<\/em>\u201d, manifest\u00f3.<\/p>\n<h5><strong><em>A.C.<\/em><\/strong><\/h5>\n","protected":false},"excerpt":{"rendered":"<p>Luego de las nevadas del \u00faltimo fin de semana, gran parte de las rutas de la provincia vieron afectadas su transitabilidad. &#8230;<\/p>\n","protected":false},"author":7,"featured_media":72520,"comment_status":"open","ping_status":"open","sticky":false,"template":"","format":"standard","meta":{"footnotes":""},"categories":[5,79],"tags":[],"class_list":["post-72519","post","type-post","status-publish","format-standard","has-post-thumbnail","hentry","category-actualidad","category-vialidad"],"_links":{"self":[{"href":"https:\/\/vinasfm.com\/noticias\/wp-json\/wp\/v2\/posts\/72519","targetHints":{"allow":["GET"]}}],"collection":[{"href":"https:\/\/vinasfm.com\/noticias\/wp-json\/wp\/v2\/posts"}],"about":[{"href":"https:\/\/vinasfm.com\/noticias\/wp-json\/wp\/v2\/types\/post"}],"author":[{"embeddable":true,"href":"https:\/\/vinasfm.com\/noticias\/wp-json\/wp\/v2\/users\/7"}],"replies":[{"embeddable":true,"href":"https:\/\/vinasfm.com\/noticias\/wp-json\/wp\/v2\/comments?post=72519"}],"version-history":[{"count":1,"href":"https:\/\/vinasfm.com\/noticias\/wp-json\/wp\/v2\/posts\/72519\/revisions"}],"predecessor-version":[{"id":72521,"href":"https:\/\/vinasfm.com\/noticias\/wp-json\/wp\/v2\/posts\/72519\/revisions\/72521"}],"wp:featuredmedia":[{"embeddable":true,"href":"https:\/\/vinasfm.com\/noticias\/wp-json\/wp\/v2\/media\/72520"}],"wp:attachment":[{"href":"https:\/\/vinasfm.com\/noticias\/wp-json\/wp\/v2\/media?parent=72519"}],"wp:term":[{"taxonomy":"category","embeddable":true,"href":"https:\/\/vinasfm.com\/noticias\/wp-json\/wp\/v2\/categories?post=72519"},{"taxonomy":"post_tag","embeddable":true,"href":"https:\/\/vinasfm.com\/noticias\/wp-json\/wp\/v2\/tags?post=72519"}],"curies":[{"name":"wp","href":"https:\/\/api.w.org\/{rel}","templated":true}]}}