{"id":72504,"date":"2020-07-07T00:45:07","date_gmt":"2020-07-07T03:45:07","guid":{"rendered":"http:\/\/vinasfm.com\/noticias\/?p=72504"},"modified":"2020-07-08T10:05:01","modified_gmt":"2020-07-08T13:05:01","slug":"el-director-provincial-de-cooperativas-destaco-la-labor-de-cecsagal","status":"publish","type":"post","link":"https:\/\/vinasfm.com\/noticias\/el-director-provincial-de-cooperativas-destaco-la-labor-de-cecsagal\/","title":{"rendered":"EL DIRECTOR PROVINCIAL DE COOPERATIVAS DESTAC\u00d3 LA LABOR DE CECSAGAL"},"content":{"rendered":"<h4><strong>En el marco del D\u00eda Internacional de las Cooperativas, el Director de Cooperativas Daniel Dimartino volvi\u00f3 a destacar la tarea que Cecsagal realiza en nuestro departamento en pos del desarrollo del cooperativismo<\/strong><\/h4>\n<p>\u201c<strong><em>Creo que Cecsagal es un ejemplo a exportar e imitar en cuanto al modelo de cooperativa<\/em><\/strong>\u201d expres\u00f3 Daniel Dimartino, Director de Cooperativas de la Provincia quien remarc\u00f3 que General Alvear es un departamento con una fuerte impronta cooperativista que destaca en Mendoza, \u201c<strong><em>El resto de la Provincia deber\u00eda imitar a los alvearenses en c\u00f3mo trabajan el cooperativismo<\/em><\/strong>\u201d.<\/p>\n<p>En medio de la pandemia, el cooperativismo surge como una alternativa para afrontar la crisis, esto gracias a sus valores, como la solidaridad y la ayuda mutua: \u201c<strong><em>Es un momento muy dif\u00edcil y delicado, que nos afecta a nivel local y mundial pero que nos hace reflexionar acerca de c\u00f3mo seguir. Lo bueno de esto es que todos los organismos estamos conversando y viendo de qu\u00e9 manera podemos mejorar la atenci\u00f3n a los asociados<\/em><\/strong>\u201d.<\/p>\n<p>Durante la charla que mantuvo Daniel Dimartino con Gustavo Rubio y N\u00e9stor S\u00e1nchez, Vicepresidente y Secretario del Consejo de Administraci\u00f3n de Cecsagal, habl\u00f3 del cooperativismo y su importancia.<\/p>\n<p>\u201c<strong><em>Este d\u00eda significa la reafirmaci\u00f3n de los principios del cooperativismo y la profundizaci\u00f3n del modelo cooperativo, en eso estamos embarcados tanto la Direcci\u00f3n de Cooperativas como Cecsagal. Es necesario m\u00e1s compromiso, como el que ustedes tienen y generan, con la Fundaci\u00f3n Cecsagal, las Cooperativas Escolares, la generaci\u00f3n de nuevos cuadros cooperativos, creo que esa es una tarea que tenemos que copiar en la Provicia y es una tarea que tenemos que realizar entre <\/em><em>todos<\/em>\u201d<\/strong> concluy\u00f3 Dimartino.<\/p>\n<h5><em>\u2022F.B.\u00a0<\/em><\/h5>\n","protected":false},"excerpt":{"rendered":"<p>En el marco del D\u00eda Internacional de las Cooperativas, el Director de Cooperativas Daniel Dimartino volvi\u00f3 a destacar la tarea que &#8230;<\/p>\n","protected":false},"author":8,"featured_media":72505,"comment_status":"open","ping_status":"open","sticky":false,"template":"","format":"standard","meta":{"footnotes":""},"categories":[5,60],"tags":[],"class_list":["post-72504","post","type-post","status-publish","format-standard","has-post-thumbnail","hentry","category-actualidad","category-cecsagal"],"_links":{"self":[{"href":"https:\/\/vinasfm.com\/noticias\/wp-json\/wp\/v2\/posts\/72504","targetHints":{"allow":["GET"]}}],"collection":[{"href":"https:\/\/vinasfm.com\/noticias\/wp-json\/wp\/v2\/posts"}],"about":[{"href":"https:\/\/vinasfm.com\/noticias\/wp-json\/wp\/v2\/types\/post"}],"author":[{"embeddable":true,"href":"https:\/\/vinasfm.com\/noticias\/wp-json\/wp\/v2\/users\/8"}],"replies":[{"embeddable":true,"href":"https:\/\/vinasfm.com\/noticias\/wp-json\/wp\/v2\/comments?post=72504"}],"version-history":[{"count":2,"href":"https:\/\/vinasfm.com\/noticias\/wp-json\/wp\/v2\/posts\/72504\/revisions"}],"predecessor-version":[{"id":72516,"href":"https:\/\/vinasfm.com\/noticias\/wp-json\/wp\/v2\/posts\/72504\/revisions\/72516"}],"wp:featuredmedia":[{"embeddable":true,"href":"https:\/\/vinasfm.com\/noticias\/wp-json\/wp\/v2\/media\/72505"}],"wp:attachment":[{"href":"https:\/\/vinasfm.com\/noticias\/wp-json\/wp\/v2\/media?parent=72504"}],"wp:term":[{"taxonomy":"category","embeddable":true,"href":"https:\/\/vinasfm.com\/noticias\/wp-json\/wp\/v2\/categories?post=72504"},{"taxonomy":"post_tag","embeddable":true,"href":"https:\/\/vinasfm.com\/noticias\/wp-json\/wp\/v2\/tags?post=72504"}],"curies":[{"name":"wp","href":"https:\/\/api.w.org\/{rel}","templated":true}]}}