{"id":72464,"date":"2020-07-07T07:00:31","date_gmt":"2020-07-07T10:00:31","guid":{"rendered":"http:\/\/vinasfm.com\/noticias\/?p=72464"},"modified":"2020-07-09T11:02:26","modified_gmt":"2020-07-09T14:02:26","slug":"con-la-presencia-de-gallo-y-da-dalt-myrna-osorio-asumio-como-jefa-de-anses-en-alvear","status":"publish","type":"post","link":"https:\/\/vinasfm.com\/noticias\/con-la-presencia-de-gallo-y-da-dalt-myrna-osorio-asumio-como-jefa-de-anses-en-alvear\/","title":{"rendered":"CON LA PRESENCIA DE GALLO Y DA DALT, MYRNA OSORIO ASUMI\u00d3 COMO JEFA DE ANSES EN ALVEAR"},"content":{"rendered":"<h4><strong>Durante la ma\u00f1ana de este lunes, Myrna Osorio fue puesta en funciones a cargo de la Delegaci\u00f3n local de ANSES por el Jefe Regional Cuyo de ANSES, Carlos Gallo, y la Gerente de la UDAI San Rafael, Cristina Da Dalt.<\/strong><\/h4>\n<div id=\"attachment_72474\" style=\"width: 300px\" class=\"wp-caption alignleft\"><a href=\"http:\/\/vinasfm.com\/noticias\/wp-content\/uploads\/2020\/07\/FB_IMG_1594070616180.jpg\"><img loading=\"lazy\" decoding=\"async\" aria-describedby=\"caption-attachment-72474\" class=\"size-medium wp-image-72474\" src=\"http:\/\/vinasfm.com\/noticias\/wp-content\/uploads\/2020\/07\/FB_IMG_1594070616180-300x200.jpg\" alt=\"\" width=\"300\" height=\"200\" srcset=\"https:\/\/vinasfm.com\/noticias\/wp-content\/uploads\/2020\/07\/FB_IMG_1594070616180-300x200.jpg 300w, https:\/\/vinasfm.com\/noticias\/wp-content\/uploads\/2020\/07\/FB_IMG_1594070616180.jpg 720w\" sizes=\"auto, (max-width: 300px) 100vw, 300px\" \/><\/a><p id=\"caption-attachment-72474\" class=\"wp-caption-text\">Myrna Osorio en Conferencia de prensa.<\/p><\/div>\n<p>La nueva Jefa de la ANSES local, destac\u00f3 la importancia que le da al nuevo puesto para el que ha sido elegida y subray\u00f3: \u00ab<em>Me genera una gran responsabilidad y un desaf\u00edo enorme. Tanto con Cristina como con Carlos trabajaremos codo a codo para empezar a trabajar en el bienestar de los beneficiarios de esta entidad que busca llegar a cada uno de los ciudadanos del departamento<\/em>\u00ab.<\/p>\n<p>En di\u00e1logo con la prensa, <strong>Carlos Gallo<\/strong> manifest\u00f3 \u201c<em>hemos llegado hasta General Alvear para acompa\u00f1ar a Myrna y poner en funciones esta oficina que es tan importante para la gente. Este organismo que brinda herramientas tan sensibles y que ayuda a reactivar la econom\u00eda del Departamento siempre trabaja en el mismo camino por una seguridad social m\u00e1s inclusiva<\/em>\u201d.<\/p>\n<p>\u201c<em>El funcionamiento de la ANSES Alvear funcionar\u00e1 como hasta ahora, sacando turnos por la p\u00e1gina web <a href=\"https:\/\/www.anses.gob.ar\/\">https:\/\/www.anses.gob.ar\/<\/a> como tambi\u00e9n insistimos para que usen la oficina virtual que es una herramienta que est\u00e1 funcionando muy bien y ha venido para quedarse dentro del Anses<\/em>\u201d, asever\u00f3 Gallo.<\/p>\n<p>Por su parte <strong>Da Dalt<\/strong>, expres\u00f3 \u201c<em>queremos desearle lo mejor a Myrna, y entendemos de la necesidad de tener esta oficina con sus puertas abiertas, pero como dijo Carlos Gallo es importante que las personas utilicen las oficinas virtuales, ya que es una herramienta que ayuda al distanciamiento social. Debido a esta pandemia todos hemos tenido que adaptarnos en todos los sentidos, y Anses tambi\u00e9n lo ha hecho y como un servicio imprescindible trataremos de dar turnos no muy lejanos para que los vecinos puedan resolver sus problem\u00e1ticas lo m\u00e1s r\u00e1pido posible<\/em>\u201d.<\/p>\n<h5><em>F.B. (F.M. Vi\u00f1as).<\/em><\/h5>\n","protected":false},"excerpt":{"rendered":"<p>Durante la ma\u00f1ana de este lunes, Myrna Osorio fue puesta en funciones a cargo de la Delegaci\u00f3n local de ANSES por &#8230;<\/p>\n","protected":false},"author":8,"featured_media":72465,"comment_status":"open","ping_status":"open","sticky":false,"template":"","format":"standard","meta":{"footnotes":""},"categories":[5,50],"tags":[],"class_list":["post-72464","post","type-post","status-publish","format-standard","has-post-thumbnail","hentry","category-actualidad","category-anses"],"_links":{"self":[{"href":"https:\/\/vinasfm.com\/noticias\/wp-json\/wp\/v2\/posts\/72464","targetHints":{"allow":["GET"]}}],"collection":[{"href":"https:\/\/vinasfm.com\/noticias\/wp-json\/wp\/v2\/posts"}],"about":[{"href":"https:\/\/vinasfm.com\/noticias\/wp-json\/wp\/v2\/types\/post"}],"author":[{"embeddable":true,"href":"https:\/\/vinasfm.com\/noticias\/wp-json\/wp\/v2\/users\/8"}],"replies":[{"embeddable":true,"href":"https:\/\/vinasfm.com\/noticias\/wp-json\/wp\/v2\/comments?post=72464"}],"version-history":[{"count":2,"href":"https:\/\/vinasfm.com\/noticias\/wp-json\/wp\/v2\/posts\/72464\/revisions"}],"predecessor-version":[{"id":72476,"href":"https:\/\/vinasfm.com\/noticias\/wp-json\/wp\/v2\/posts\/72464\/revisions\/72476"}],"wp:featuredmedia":[{"embeddable":true,"href":"https:\/\/vinasfm.com\/noticias\/wp-json\/wp\/v2\/media\/72465"}],"wp:attachment":[{"href":"https:\/\/vinasfm.com\/noticias\/wp-json\/wp\/v2\/media?parent=72464"}],"wp:term":[{"taxonomy":"category","embeddable":true,"href":"https:\/\/vinasfm.com\/noticias\/wp-json\/wp\/v2\/categories?post=72464"},{"taxonomy":"post_tag","embeddable":true,"href":"https:\/\/vinasfm.com\/noticias\/wp-json\/wp\/v2\/tags?post=72464"}],"curies":[{"name":"wp","href":"https:\/\/api.w.org\/{rel}","templated":true}]}}