{"id":72442,"date":"2020-07-07T08:00:10","date_gmt":"2020-07-07T11:00:10","guid":{"rendered":"http:\/\/vinasfm.com\/noticias\/?p=72442"},"modified":"2020-07-09T11:02:19","modified_gmt":"2020-07-09T14:02:19","slug":"renunciaron-pablo-reyes-y-fernando-alvarez-marcolini-anuncio-multas-y-cambios-en-el-gabinete","status":"publish","type":"post","link":"https:\/\/vinasfm.com\/noticias\/renunciaron-pablo-reyes-y-fernando-alvarez-marcolini-anuncio-multas-y-cambios-en-el-gabinete\/","title":{"rendered":"RENUNCIARON PABLO REYES Y FERNANDO \u00c1LVAREZ: MARCOLINI ANUNCI\u00d3 MULTAS Y CAMBIOS EN EL GABINETE"},"content":{"rendered":"<h4><strong>En la ma\u00f1ana de este lunes, el Intendente Walther Marcolini brind\u00f3 una conferencia de prensa donde dio importantes anuncios en torno a la renuncia de Pablo Reyes y Fernando \u00c1lvarez, funcionarios que participaron de una reuni\u00f3n infringiendo el distanciamiento social. Adem\u00e1s present\u00f3 a quien se har\u00e1 cargo de la Secretaria de Desarrollo y las multas impuestas por la infracci\u00f3n. <\/strong><\/h4>\n<p>En funci\u00f3n de los acontecimientos de p\u00fablico conocimiento, el Jefe Comunal expres\u00f3: \u201c<strong><em>Ambos colaboradores de mi gesti\u00f3n, Pablo Reyes y Fernando \u00c1lvarez presentaron su renuncia indeclinable a los cargos a los que fueron encomendados. Voy a estar siempre muy agradecido por lo que significaron para el gobierno y la gran tarea en materia social que se ha llevado adelante<\/em><\/strong>\u201d.<\/p>\n<h5><strong><em>Ver tambi\u00e9n:<a href=\"http:\/\/vinasfm.com\/noticias\/polemica-por-la-reunion-de-funcionarios-en-edificio-municipal-violando-el-distanciamiento\/\"> http:\/\/vinasfm.com\/noticias\/polemica-por-la-reunion-de-funcionarios-en-edificio-municipal-violando-el-distanciamiento\/<\/a><\/em><\/strong><\/h5>\n<p>En la misma l\u00ednea, Marcolini destac\u00f3 la labor de ambos funcionarios y manifest\u00f3: \u201c<strong><em>Pusimos en valor el desarrollo humano llev\u00e1ndolo al rango de Secretar\u00eda producto del gran trabajo de Pablo Reyes en su gesti\u00f3n pensando en el desarrollo de las familias carecientes de nuestro departamento. Se le puso calidad de vida a los vecinos con programas importantes y me permito poner de relieve la hidalgu\u00eda de ambos funcionarios que han decidido, como es el Estado que el que debe dar el ejemplo, dar un paso al costado poniendo de manifiesto que no fue un delito ni se hizo con malicia<\/em><\/strong>\u201d.<\/p>\n<p>\u201c<em>Quiero dejar en claro: <strong>desde que inicio la pandemia hemos cuidado a los alvearenses y cuando se comete un error de esta naturaleza las reglas con iguales para todos los ciudadanos<\/strong>. Esto gener\u00f3 que el bloque opositor denunciara la situaci\u00f3n y <strong>hemos llegado a la conclusi\u00f3n que fue un descuido porque no hubo intencionalidad de contagiar ni propagar el Covid-19<\/strong><\/em>\u201d, puntualiz\u00f3 el intendente.<\/p>\n<h4><strong>CAMBIOS EN EL GABINETE<\/strong><\/h4>\n<p>Asimismo, Marcolini anunci\u00f3 que la <strong>Secretar\u00eda de Desarrollo Humano fue encomendada a Norma Ru\u00edz, quien estuvo al frente de la Direcci\u00f3n de Educaci\u00f3n, \u00e1rea que ser\u00e1 dirigida por la profesora Roxana Molero. La Direcci\u00f3n de Contingencias Sociales ser\u00e1 liderada por Roberto Sim\u00f3n.<\/strong><\/p>\n<h4><strong>MULTAS<\/strong><\/h4>\n<p>Finalmente el intendente municipal asever\u00f3, que <strong>se emiti\u00f3 una multa de $10.000 a cada una de las personas que participaron de esa reuni\u00f3n<\/strong> y <strong>una multa de $50.000 a la Municipalidad de General Alvear<\/strong>.<\/p>\n<h5><em>\u2022Fernando Burett (F.M. Vi\u00f1as).<\/em><\/h5>\n","protected":false},"excerpt":{"rendered":"<p>En la ma\u00f1ana de este lunes, el Intendente Walther Marcolini brind\u00f3 una conferencia de prensa donde dio importantes anuncios en torno &#8230;<\/p>\n","protected":false},"author":8,"featured_media":72444,"comment_status":"open","ping_status":"open","sticky":false,"template":"","format":"standard","meta":{"footnotes":""},"categories":[5,7],"tags":[],"class_list":["post-72442","post","type-post","status-publish","format-standard","has-post-thumbnail","hentry","category-actualidad","category-politica"],"_links":{"self":[{"href":"https:\/\/vinasfm.com\/noticias\/wp-json\/wp\/v2\/posts\/72442","targetHints":{"allow":["GET"]}}],"collection":[{"href":"https:\/\/vinasfm.com\/noticias\/wp-json\/wp\/v2\/posts"}],"about":[{"href":"https:\/\/vinasfm.com\/noticias\/wp-json\/wp\/v2\/types\/post"}],"author":[{"embeddable":true,"href":"https:\/\/vinasfm.com\/noticias\/wp-json\/wp\/v2\/users\/8"}],"replies":[{"embeddable":true,"href":"https:\/\/vinasfm.com\/noticias\/wp-json\/wp\/v2\/comments?post=72442"}],"version-history":[{"count":2,"href":"https:\/\/vinasfm.com\/noticias\/wp-json\/wp\/v2\/posts\/72442\/revisions"}],"predecessor-version":[{"id":72510,"href":"https:\/\/vinasfm.com\/noticias\/wp-json\/wp\/v2\/posts\/72442\/revisions\/72510"}],"wp:featuredmedia":[{"embeddable":true,"href":"https:\/\/vinasfm.com\/noticias\/wp-json\/wp\/v2\/media\/72444"}],"wp:attachment":[{"href":"https:\/\/vinasfm.com\/noticias\/wp-json\/wp\/v2\/media?parent=72442"}],"wp:term":[{"taxonomy":"category","embeddable":true,"href":"https:\/\/vinasfm.com\/noticias\/wp-json\/wp\/v2\/categories?post=72442"},{"taxonomy":"post_tag","embeddable":true,"href":"https:\/\/vinasfm.com\/noticias\/wp-json\/wp\/v2\/tags?post=72442"}],"curies":[{"name":"wp","href":"https:\/\/api.w.org\/{rel}","templated":true}]}}