{"id":72438,"date":"2020-07-07T00:19:57","date_gmt":"2020-07-07T03:19:57","guid":{"rendered":"http:\/\/vinasfm.com\/noticias\/?p=72438"},"modified":"2020-07-09T11:02:40","modified_gmt":"2020-07-09T14:02:40","slug":"los-conceptos-politicos-de-stella-marys-montoya-la-nueva-concejal-de-general-alvear","status":"publish","type":"post","link":"https:\/\/vinasfm.com\/noticias\/los-conceptos-politicos-de-stella-marys-montoya-la-nueva-concejal-de-general-alvear\/","title":{"rendered":"LOS CONCEPTOS POL\u00cdTICOS DE STELLA MARYS MONTOYA, LA NUEVA CONCEJAL DE GENERAL ALVEAR"},"content":{"rendered":"<h4><strong>El pasado viernes, Stella Marys Montoya asumi\u00f3 como concejal por el Bloque Frente de Todos en lugar de Myrna Osorio, qui\u00e9n present\u00f3 su renuncia debido a la designaci\u00f3n de conducir la ANSES local. En di\u00e1logo con F.M. Vi\u00f1as, la nueva edil de Alvear manifest\u00f3 sus convicciones y conceptos en torno a la labor legislativa que le toca cumplir por los pr\u00f3ximos dos a\u00f1os.<\/strong><\/h4>\n<p>Montoya calific\u00f3 como \u201c<strong><em>importante desaf\u00edo<\/em><\/strong>\u201d el cargo legislativo que posee producto de la salida de Osorio de la bancada opositora: \u201c<strong><em>Si bien no es un buen momento, tratar\u00e9 de presentar los proyectos que hace tiempo ten\u00eda pensado para mejorar un poco m\u00e1s la vida de los alvearenses<\/em><\/strong>\u201d.<\/p>\n<div id=\"attachment_72440\" style=\"width: 338px\" class=\"wp-caption alignleft\"><a href=\"http:\/\/vinasfm.com\/noticias\/wp-content\/uploads\/2020\/07\/106466312_1901366916660949_196989521790599022_o.jpg\"><img loading=\"lazy\" decoding=\"async\" aria-describedby=\"caption-attachment-72440\" class=\" wp-image-72440\" src=\"http:\/\/vinasfm.com\/noticias\/wp-content\/uploads\/2020\/07\/106466312_1901366916660949_196989521790599022_o-300x200.jpg\" alt=\"\" width=\"338\" height=\"225\" srcset=\"https:\/\/vinasfm.com\/noticias\/wp-content\/uploads\/2020\/07\/106466312_1901366916660949_196989521790599022_o-300x200.jpg 300w, https:\/\/vinasfm.com\/noticias\/wp-content\/uploads\/2020\/07\/106466312_1901366916660949_196989521790599022_o-1024x682.jpg 1024w, https:\/\/vinasfm.com\/noticias\/wp-content\/uploads\/2020\/07\/106466312_1901366916660949_196989521790599022_o-768x512.jpg 768w, https:\/\/vinasfm.com\/noticias\/wp-content\/uploads\/2020\/07\/106466312_1901366916660949_196989521790599022_o.jpg 1280w\" sizes=\"auto, (max-width: 338px) 100vw, 338px\" \/><\/a><p id=\"caption-attachment-72440\" class=\"wp-caption-text\">Montoya jurando y asumiendo como concejal.<\/p><\/div>\n<p>\u201c<strong><em>Pertenezco a todo el Partido Justicialista porque desde que empec\u00e9 a militar he apoyado siempre al peronismo en su af\u00e1n de mejorar la situaci\u00f3n de vida de los vecinos<\/em><\/strong>\u201d, destac\u00f3 al ser consultada a qu\u00e9 sector del PJ pertenec\u00eda.<\/p>\n<p>Creyendo \u201c<strong><em>que la pol\u00edtica es una herramienta para cambiar la vida de todos<\/em><\/strong>\u201d, la concejal record\u00f3 su vida de militancia y qu\u00e9 cambios generaron su paso del radicalismo al justicialismo: \u201c<strong><em>Comenc\u00e9 de joven en la UCR en los a\u00f1os en que Ra\u00fal Alfons\u00edn fue presidente y al llegar a Alvear empec\u00e9 a conocer los ideales del PJ y decid\u00ed continuar mi militancia en este partido<\/em><\/strong>\u201d.<\/p>\n<p>Para Stella Montoya el Partido Justicialista \u201c<strong><em>necesita di\u00e1logo de frente tratando de conseguir consensos para conseguir una persona que nos gu\u00ede porque hasta ahora, a pesar de las buenas intenciones, cada uno ha trabajado por su lado y no ha funcionado del todo. Creo que se debe buscar el bien com\u00fan en pos de los alvearenses<\/em><\/strong>\u201d, opin\u00f3 y siguiendo con el balance subray\u00f3 \u201c<strong><em>no estamos pasando la mejor \u00e9poca por eso insisto en que el consenso es la mejor herramienta<\/em><\/strong>\u201d.<\/p>\n<p>Asimismo sostuvo que el Justicialismo local debe reinventarse adoptando \u201c<strong><em>con otra impronta regenerando y permitiendo que las personas j\u00f3venes participen conduci\u00e9ndonos a una nueva pol\u00edtica sin dejar de lado los consejos de los mayores con m\u00e1s experiencia. Hay que empezar democratizando el partido, \u00a0erradicar los ego\u00edsmos y el no escuchar a todos los compa\u00f1eros<\/em><\/strong>\u201d.<\/p>\n<p>\u201c<strong><em>Mi familia me apoya y est\u00e1 feliz porque sabe todo lo que he trabajado para seguir colaborando en la construcci\u00f3n del bienestar de los alvearenses<\/em><\/strong>\u201d, concluy\u00f3.<\/p>\n<p>Con la partida de <strong>Myrna Osorio<\/strong> del Concejo Deliberante, el <strong>Bloque Frente de Todo<\/strong>s queda conformado por <strong>Hebe Katzer, Javier Garc\u00eda, Ariel Andr\u00e9s<\/strong> y <strong>Stella Montoya<\/strong>.<\/p>\n<p><strong>\u00bfQUI\u00c9N ES STELLA MARYS MONTOYA?<\/strong><\/p>\n<p>Desde 1991 es docente con experiencia de trabajo en escuelas rurales, urbanas y colegios privados. En 2005 comenz\u00f3 como agente contratada en la Direcci\u00f3n de Cultura, luego fue pasada a planta continuando a cargo de la Sub direcci\u00f3n y a posterior por 4 a\u00f1os fue Directora. Ha participado en diferentes entidades y \u00faltimamente fue agente municipal en el \u00e1rea de Bromatolog\u00eda.<\/p>\n<p>Adem\u00e1s se la conoce por haber sido la 1\u00b0 Reina Provincial de la Ganader\u00eda y Reina Departamental de la Vendimia.<\/p>\n<h5><em>\u2022Fernando Burett (F.M. Vi\u00f1as).<\/em><\/h5>\n","protected":false},"excerpt":{"rendered":"<p>El pasado viernes, Stella Marys Montoya asumi\u00f3 como concejal por el Bloque Frente de Todos en lugar de Myrna Osorio, qui\u00e9n &#8230;<\/p>\n","protected":false},"author":8,"featured_media":72439,"comment_status":"open","ping_status":"open","sticky":false,"template":"","format":"standard","meta":{"footnotes":""},"categories":[5,26,7],"tags":[],"class_list":["post-72438","post","type-post","status-publish","format-standard","has-post-thumbnail","hentry","category-actualidad","category-hcd","category-politica"],"_links":{"self":[{"href":"https:\/\/vinasfm.com\/noticias\/wp-json\/wp\/v2\/posts\/72438","targetHints":{"allow":["GET"]}}],"collection":[{"href":"https:\/\/vinasfm.com\/noticias\/wp-json\/wp\/v2\/posts"}],"about":[{"href":"https:\/\/vinasfm.com\/noticias\/wp-json\/wp\/v2\/types\/post"}],"author":[{"embeddable":true,"href":"https:\/\/vinasfm.com\/noticias\/wp-json\/wp\/v2\/users\/8"}],"replies":[{"embeddable":true,"href":"https:\/\/vinasfm.com\/noticias\/wp-json\/wp\/v2\/comments?post=72438"}],"version-history":[{"count":2,"href":"https:\/\/vinasfm.com\/noticias\/wp-json\/wp\/v2\/posts\/72438\/revisions"}],"predecessor-version":[{"id":72471,"href":"https:\/\/vinasfm.com\/noticias\/wp-json\/wp\/v2\/posts\/72438\/revisions\/72471"}],"wp:featuredmedia":[{"embeddable":true,"href":"https:\/\/vinasfm.com\/noticias\/wp-json\/wp\/v2\/media\/72439"}],"wp:attachment":[{"href":"https:\/\/vinasfm.com\/noticias\/wp-json\/wp\/v2\/media?parent=72438"}],"wp:term":[{"taxonomy":"category","embeddable":true,"href":"https:\/\/vinasfm.com\/noticias\/wp-json\/wp\/v2\/categories?post=72438"},{"taxonomy":"post_tag","embeddable":true,"href":"https:\/\/vinasfm.com\/noticias\/wp-json\/wp\/v2\/tags?post=72438"}],"curies":[{"name":"wp","href":"https:\/\/api.w.org\/{rel}","templated":true}]}}