{"id":72259,"date":"2020-07-01T06:24:02","date_gmt":"2020-07-01T09:24:02","guid":{"rendered":"http:\/\/vinasfm.com\/noticias\/?p=72259"},"modified":"2020-07-01T12:21:40","modified_gmt":"2020-07-01T15:21:40","slug":"uno-por-uno-estos-son-los-precios-maximos-en-mendoza","status":"publish","type":"post","link":"https:\/\/vinasfm.com\/noticias\/uno-por-uno-estos-son-los-precios-maximos-en-mendoza\/","title":{"rendered":"UNO POR UNO: ESTOS SON LOS \u00abPRECIOS M\u00c1XIMOS\u00bb EN MENDOZA"},"content":{"rendered":"<h4 class=\"note__epigraph\">El gobierno nacional prorrog\u00f3 hasta el 30 de agosto la vigencia del programa que abarca a cerca de 300 productos b\u00e1sicos.<\/h4>\n<p>La decisi\u00f3n del Gobierno nacional de prorrogar hasta el 30 de agosto pr\u00f3ximo la vigencia de los precios m\u00e1ximos dispuestos para 304 productos b\u00e1sicos, que incluyen alimentos, bebidas, art\u00edculos de higiene y limpieza, de acuerdo con sus valores al 6 de marzo \u00faltimo, qued\u00f3 oficializada\u00a0este mi\u00e9rcoles con su publicaci\u00f3n en el Bolet\u00edn Oficial.<\/p>\n<p>Se trata de la la Resoluci\u00f3n 200\/2020 de la Secretar\u00eda de Comercio Interior, que establece esta medida en el marco de las pol\u00edticas del Gobierno nacional destinadas a dar respuesta a la crisis econ\u00f3mica por la pandemia de coronavirus.<\/p>\n<p>En la norma, se intima adem\u00e1s a las empresas que forman parte integrante de la cadena de producci\u00f3n, distribuci\u00f3n y comercializaci\u00f3n \u201ca incrementar su producci\u00f3n hasta el m\u00e1ximo de su capacidad instalada, y a arbitrar las medidas conducentes para asegurar su transporte y provisi\u00f3n\u201d durante el per\u00edodo de vigencia de la medida.<\/p>\n<p>La resoluci\u00f3n, que lleva la firma de la secretaria del \u00e1rea, Paula Espa\u00f1ol, extiende los alcances de la Resoluci\u00f3n 100\/2020, emitida el 19 de marzo \u00faltimo.<\/p>\n<p>La pr\u00f3rroga dispuesta comprende a todos los almacenes, mercados, autoservicios, supermercados e hipermercados, a excepci\u00f3n de las micro, peque\u00f1as y medianas empresas, y a los establecimientos comerciales mayoristas de venta de productos de consumo masivo que cuenten con sal\u00f3n de ventas.<\/p>\n<p>Los comercios incluidos deben mantener los precios m\u00e1ximos de venta al consumidor final efectivamente informados al Sistema Electr\u00f3nico de Publicidad de Precios Argentinos (SEPA).<\/p>\n<p>Lo mismo rige para todos los distribuidores, productores y comercializadores de cosas muebles, obras y servicios, y prestaciones que se destinen a la producci\u00f3n, construcci\u00f3n, procesamiento, comercializaci\u00f3n, sanidad, alimentaci\u00f3n, vestimenta, higiene, vivienda, deporte, cultura, transporte y log\u00edstica, y esparcimiento.<\/p>\n<p>En este caso, deben mantener los precios que estaban vigentes al 6 de marzo \u00faltimo para venta a consumidores, hipermercados, supermercados, almacenes, mercados, autoservicios, mini mercados minoristas y supermercados mayoristas.<\/p>\n<p>A trav\u00e9s de la web se puede conocer el listado de productos con precios m\u00e1ximos en Mendoza. Para acceder a la n\u00f3mina completa,\u00a0<a href=\"https:\/\/preciosmaximos.argentina.gob.ar\/#\/provincia\/Mendoza\" target=\"_blank\" rel=\"noopener noreferrer\">hac\u00e9 click aqu\u00ed<\/a>.<\/p>\n<p>&nbsp;<\/p>\n","protected":false},"excerpt":{"rendered":"<p>El gobierno nacional prorrog\u00f3 hasta el 30 de agosto la vigencia del programa que abarca a cerca de 300 productos b\u00e1sicos. &#8230;<\/p>\n","protected":false},"author":7,"featured_media":47152,"comment_status":"open","ping_status":"open","sticky":false,"template":"","format":"standard","meta":{"footnotes":""},"categories":[5,16],"tags":[],"class_list":["post-72259","post","type-post","status-publish","format-standard","has-post-thumbnail","hentry","category-actualidad","category-economia"],"_links":{"self":[{"href":"https:\/\/vinasfm.com\/noticias\/wp-json\/wp\/v2\/posts\/72259","targetHints":{"allow":["GET"]}}],"collection":[{"href":"https:\/\/vinasfm.com\/noticias\/wp-json\/wp\/v2\/posts"}],"about":[{"href":"https:\/\/vinasfm.com\/noticias\/wp-json\/wp\/v2\/types\/post"}],"author":[{"embeddable":true,"href":"https:\/\/vinasfm.com\/noticias\/wp-json\/wp\/v2\/users\/7"}],"replies":[{"embeddable":true,"href":"https:\/\/vinasfm.com\/noticias\/wp-json\/wp\/v2\/comments?post=72259"}],"version-history":[{"count":1,"href":"https:\/\/vinasfm.com\/noticias\/wp-json\/wp\/v2\/posts\/72259\/revisions"}],"predecessor-version":[{"id":72260,"href":"https:\/\/vinasfm.com\/noticias\/wp-json\/wp\/v2\/posts\/72259\/revisions\/72260"}],"wp:featuredmedia":[{"embeddable":true,"href":"https:\/\/vinasfm.com\/noticias\/wp-json\/wp\/v2\/media\/47152"}],"wp:attachment":[{"href":"https:\/\/vinasfm.com\/noticias\/wp-json\/wp\/v2\/media?parent=72259"}],"wp:term":[{"taxonomy":"category","embeddable":true,"href":"https:\/\/vinasfm.com\/noticias\/wp-json\/wp\/v2\/categories?post=72259"},{"taxonomy":"post_tag","embeddable":true,"href":"https:\/\/vinasfm.com\/noticias\/wp-json\/wp\/v2\/tags?post=72259"}],"curies":[{"name":"wp","href":"https:\/\/api.w.org\/{rel}","templated":true}]}}