{"id":72249,"date":"2020-07-01T09:55:48","date_gmt":"2020-07-01T12:55:48","guid":{"rendered":"http:\/\/vinasfm.com\/noticias\/?p=72249"},"modified":"2020-07-01T12:20:39","modified_gmt":"2020-07-01T15:20:39","slug":"myrna-osorio-deja-el-concejo-para-pasar-a-anses","status":"publish","type":"post","link":"https:\/\/vinasfm.com\/noticias\/myrna-osorio-deja-el-concejo-para-pasar-a-anses\/","title":{"rendered":"MYRNA OSORIO DEJA EL CONCEJO PARA PASAR A ANSES"},"content":{"rendered":"<h4><strong>Myrna Osorio (PJ), present\u00f3 su renuncia a la banca del Honorable Concejo Deliberante para ocupar un cargo en ANSES como jefa de la Oficina de General Alvear. Su dimisi\u00f3n al cargo fue presentada en la ma\u00f1ana del martes a la presidente de cuerpo legislativo.<\/strong><\/h4>\n<p><strong>En su lugar asumir\u00e1 Stella Maris Montoy<\/strong>a, quien fuera Directora de Cultura en la gesti\u00f3n de De Paolo, hasta completar su mandato en diciembre de 2.021.<\/p>\n<p><em>\u201cMe confirmaron la Jefatura de la ANSES, si bien todav\u00eda no me llega la notificaci\u00f3n, por lo cual todav\u00eda no es momento de presentarme en las oficinas\u201d<\/em>, se\u00f1al\u00f3 Osorio en dialogo con F.M. Vi\u00f1as. <strong>Se har\u00eda efectivo entre viernes y martes.<\/strong><\/p>\n<p><em>\u201cANSES representa mucho, es un s\u00edmbolo importante dentro de las pol\u00edticas del gobierno actual\u201d,<\/em> agreg\u00f3.<\/p>\n<h4><em><strong>A.C.<\/strong><\/em><\/h4>\n","protected":false},"excerpt":{"rendered":"<p>Myrna Osorio (PJ), present\u00f3 su renuncia a la banca del Honorable Concejo Deliberante para ocupar un cargo en ANSES como jefa &#8230;<\/p>\n","protected":false},"author":7,"featured_media":41227,"comment_status":"open","ping_status":"open","sticky":false,"template":"","format":"standard","meta":{"footnotes":""},"categories":[1],"tags":[],"class_list":["post-72249","post","type-post","status-publish","format-standard","has-post-thumbnail","hentry","category-fmvinas"],"_links":{"self":[{"href":"https:\/\/vinasfm.com\/noticias\/wp-json\/wp\/v2\/posts\/72249","targetHints":{"allow":["GET"]}}],"collection":[{"href":"https:\/\/vinasfm.com\/noticias\/wp-json\/wp\/v2\/posts"}],"about":[{"href":"https:\/\/vinasfm.com\/noticias\/wp-json\/wp\/v2\/types\/post"}],"author":[{"embeddable":true,"href":"https:\/\/vinasfm.com\/noticias\/wp-json\/wp\/v2\/users\/7"}],"replies":[{"embeddable":true,"href":"https:\/\/vinasfm.com\/noticias\/wp-json\/wp\/v2\/comments?post=72249"}],"version-history":[{"count":1,"href":"https:\/\/vinasfm.com\/noticias\/wp-json\/wp\/v2\/posts\/72249\/revisions"}],"predecessor-version":[{"id":72266,"href":"https:\/\/vinasfm.com\/noticias\/wp-json\/wp\/v2\/posts\/72249\/revisions\/72266"}],"wp:featuredmedia":[{"embeddable":true,"href":"https:\/\/vinasfm.com\/noticias\/wp-json\/wp\/v2\/media\/41227"}],"wp:attachment":[{"href":"https:\/\/vinasfm.com\/noticias\/wp-json\/wp\/v2\/media?parent=72249"}],"wp:term":[{"taxonomy":"category","embeddable":true,"href":"https:\/\/vinasfm.com\/noticias\/wp-json\/wp\/v2\/categories?post=72249"},{"taxonomy":"post_tag","embeddable":true,"href":"https:\/\/vinasfm.com\/noticias\/wp-json\/wp\/v2\/tags?post=72249"}],"curies":[{"name":"wp","href":"https:\/\/api.w.org\/{rel}","templated":true}]}}