{"id":72247,"date":"2020-07-01T09:44:26","date_gmt":"2020-07-01T12:44:26","guid":{"rendered":"http:\/\/vinasfm.com\/noticias\/?p=72247"},"modified":"2020-07-01T12:20:45","modified_gmt":"2020-07-01T15:20:45","slug":"alfredo-cornejo-redoblo-la-apuesta-tras-el-mendoexit-el-pais-productivo-esta-a-punto-de-rebelarse","status":"publish","type":"post","link":"https:\/\/vinasfm.com\/noticias\/alfredo-cornejo-redoblo-la-apuesta-tras-el-mendoexit-el-pais-productivo-esta-a-punto-de-rebelarse\/","title":{"rendered":"ALFREDO CORNEJO REDOBL\u00d3 LA APUESTA TRAS EL &#8216;MENDOEXIT&#8217;: \u201cEL PA\u00cdS PRODUCTIVO EST\u00c1 A PUNTO DE REBELARSE\u201d"},"content":{"rendered":"<p><strong>El ex gobernador de Mendoza dijo que esto se da \u201cpor la mala administraci\u00f3n del Estado\u201d. Este lunes hab\u00eda planteado que la provincia cuyana \u201ctiene todo para vivir como un pa\u00eds independiente\u201d.<\/strong><\/p>\n<p>Luego de acusar al Gobierno Nacional de querer perjudicar \u00abpor maldad\u00bb a Mendoza demorando la obra en Portezuelo del Viento y advertir que esa provincia deber\u00eda \u00ab<strong>vivir como un pa\u00eds independiente<\/strong>\u00ab, el ex gobernador mendocino,\u00a0<strong>Alfredo Cornejo,<\/strong> redobl\u00f3 la apuesta.<\/p>\n<p>En declaraciones a radio Mitre, dijo que a la discusi\u00f3n sobre el Mendoexit \u00abhay que circunscribirla en un pa\u00eds productivo en que buena parte de la riqueza la generan las provincias del centro del pa\u00eds, pero que tambi\u00e9n hay bolsones en las provincias del Norte y del Sur muy productivos\u00bb.<\/p>\n<p>\u00abEl pa\u00eds productivo est\u00e1 a punto de rebelarse contra el pa\u00eds no productivo por la mala administraci\u00f3n del Estado\u00bb, remat\u00f3.<\/p>\n<p>\u00ab<strong>Hoy en d\u00eda tenemos, en vez de un federalismo de concertaci\u00f3n, uno casi de extorsi\u00f3n. Y con la cuarentena se ha profundizado<\/strong>. El que tiene la m\u00e1quina de hacer dinero es el Gobierno Nacional. El resto, las 24 jurisdicciones, est\u00e1n en d\u00e9ficit. Nunca pas\u00f3 esto\u00bb, continu\u00f3 Cornejo.<\/p>\n<p>Dijo que esto es porque \u00abse cay\u00f3 la recaudaci\u00f3n nacional\u00bb. \u00abLas que lo sufren m\u00e1s son las provincias productivas, aquellas que tienen m\u00e1s recursos propios como C\u00f3rdoba, Santa Fe, la Provincia de Buenos Aires y Mendoza. Obviamente sufren m\u00e1s la ca\u00edda de la recaudaci\u00f3n\u00bb, sigui\u00f3.<\/p>\n<p>\u00abA los gobernadores les hacen firmar una cl\u00e1usula que no van a sacar cuasi monedas cuando les prestan. El Gobierno ha dispuesto dos medidas: 120 mil millones de pesos para incluir dentro de las provincias. Sesenta mil es plata de las provincias, no de la naci\u00f3n. Y los 60 mil restantes son pr\u00e9stamos. C\u00f3mo se distribuyen esos pr\u00e9stamos&#8230; vaya uno a saber. Porque la provincia de Tucum\u00e1n obtiene por ese programa de pr\u00e9stamos 6.000 millones y la de Mendoza 1.900\u00bb, detall\u00f3 el presidente de la Uni\u00f3n C\u00edvica Radical (UCR) y actual diputado nacional.<\/p>\n<p>\u00abSe pide explicaciones y no dicen nada. Dicen que son por el COVID y Tucum\u00e1n tiene menos casos que Mendoza, por el \u00edndice de coparticipaci\u00f3n tiene m\u00e1s o menos lo mismo. \u00bfPor qu\u00e9 le presta a Tucum\u00e1n 6.000 y a Mendoza 1.900? Esos pr\u00e9stamos est\u00e1n atados a una cl\u00e1usula que dicen que no pueden sacar cuasimonedas.\u00a0<strong>La verdad estoy en contra de que saquen los gobiernos cuasimonedas<\/strong>, pero si los asfixian c\u00f3mo van a hacer. Van a tener que sacarlas\u00bb, opin\u00f3 el radical.<\/p>\n<p>Adem\u00e1s, dijo que dijo \u00abdesde un primer momento que este empoderamiento de Alberto Fern\u00e1ndez y Cristina (Fern\u00e1ndez de Kirchner) al centralizar los recursos como respiradores, testeos y dem\u00e1s, en mi criterio fue muy negativo\u00bb. \u00abNo s\u00f3lo para la Rep\u00fablica y la democracia, sino que es negativo para la eficacia de la lucha contra la pandemia. Los principales hospitales los tienen las provincias y no la Naci\u00f3n, pero el que tiene los recursos es la Naci\u00f3n. Ni siquiera es eficaz para la lucha contra la pandemia\u00bb, continu\u00f3.<\/p>\n<p>\u00abEl Gobierno est\u00e1 lleno de CABA que no le permite tener una mirada y cosmovisi\u00f3n de todo el pa\u00eds. Tambi\u00e9n pasaba en el gobierno de Macri y en el de Cristina, a pesar de provenir ella y su marido de Santa Cruz.\u00a0<strong>El federalismo es una materia pendiente en la Argentina<\/strong>\u00ab, concluy\u00f3.<\/p>\n<h5><strong><em>Fuente: Clar\u00edn \/ A.C.<\/em><\/strong><\/h5>\n","protected":false},"excerpt":{"rendered":"<p>El ex gobernador de Mendoza dijo que esto se da \u201cpor la mala administraci\u00f3n del Estado\u201d. Este lunes hab\u00eda planteado que &#8230;<\/p>\n","protected":false},"author":7,"featured_media":52594,"comment_status":"open","ping_status":"open","sticky":false,"template":"","format":"standard","meta":{"footnotes":""},"categories":[5,73,7],"tags":[],"class_list":["post-72247","post","type-post","status-publish","format-standard","has-post-thumbnail","hentry","category-actualidad","category-polemica","category-politica"],"_links":{"self":[{"href":"https:\/\/vinasfm.com\/noticias\/wp-json\/wp\/v2\/posts\/72247","targetHints":{"allow":["GET"]}}],"collection":[{"href":"https:\/\/vinasfm.com\/noticias\/wp-json\/wp\/v2\/posts"}],"about":[{"href":"https:\/\/vinasfm.com\/noticias\/wp-json\/wp\/v2\/types\/post"}],"author":[{"embeddable":true,"href":"https:\/\/vinasfm.com\/noticias\/wp-json\/wp\/v2\/users\/7"}],"replies":[{"embeddable":true,"href":"https:\/\/vinasfm.com\/noticias\/wp-json\/wp\/v2\/comments?post=72247"}],"version-history":[{"count":1,"href":"https:\/\/vinasfm.com\/noticias\/wp-json\/wp\/v2\/posts\/72247\/revisions"}],"predecessor-version":[{"id":72248,"href":"https:\/\/vinasfm.com\/noticias\/wp-json\/wp\/v2\/posts\/72247\/revisions\/72248"}],"wp:featuredmedia":[{"embeddable":true,"href":"https:\/\/vinasfm.com\/noticias\/wp-json\/wp\/v2\/media\/52594"}],"wp:attachment":[{"href":"https:\/\/vinasfm.com\/noticias\/wp-json\/wp\/v2\/media?parent=72247"}],"wp:term":[{"taxonomy":"category","embeddable":true,"href":"https:\/\/vinasfm.com\/noticias\/wp-json\/wp\/v2\/categories?post=72247"},{"taxonomy":"post_tag","embeddable":true,"href":"https:\/\/vinasfm.com\/noticias\/wp-json\/wp\/v2\/tags?post=72247"}],"curies":[{"name":"wp","href":"https:\/\/api.w.org\/{rel}","templated":true}]}}