{"id":72237,"date":"2020-07-01T09:12:05","date_gmt":"2020-07-01T12:12:05","guid":{"rendered":"http:\/\/vinasfm.com\/noticias\/?p=72237"},"modified":"2020-07-02T09:52:43","modified_gmt":"2020-07-02T12:52:43","slug":"asi-sera-la-entrega-de-garrafas-sociales-durante-julio","status":"publish","type":"post","link":"https:\/\/vinasfm.com\/noticias\/asi-sera-la-entrega-de-garrafas-sociales-durante-julio\/","title":{"rendered":"AS\u00cd SER\u00c1 LA ENTREGA DE GARRAFAS SOCIALES DURANTE JULIO"},"content":{"rendered":"<h4><strong>Contin\u00faa en General Alvear la entrega de garrafas a precio subsidiado por el Municipio.\u00a0<\/strong>Con un precio unitario de $270, aquellos que deseen retirarla deben asistir con su DNI y un envase vac\u00edo, de acuerdo al siguiente cronograma:<\/h4>\n<p><a href=\"http:\/\/vinasfm.com\/noticias\/wp-content\/uploads\/2020\/07\/garrafa-julio.jpg\"><img loading=\"lazy\" decoding=\"async\" class=\"wp-image-72238 aligncenter\" src=\"http:\/\/vinasfm.com\/noticias\/wp-content\/uploads\/2020\/07\/garrafa-julio-262x300.jpg\" alt=\"\" width=\"520\" height=\"595\" srcset=\"https:\/\/vinasfm.com\/noticias\/wp-content\/uploads\/2020\/07\/garrafa-julio-262x300.jpg 262w, https:\/\/vinasfm.com\/noticias\/wp-content\/uploads\/2020\/07\/garrafa-julio-893x1024.jpg 893w, https:\/\/vinasfm.com\/noticias\/wp-content\/uploads\/2020\/07\/garrafa-julio-768x880.jpg 768w, https:\/\/vinasfm.com\/noticias\/wp-content\/uploads\/2020\/07\/garrafa-julio.jpg 1080w\" sizes=\"auto, (max-width: 520px) 100vw, 520px\" \/><\/a><\/p>\n<h5><strong><em>A.C.<\/em><\/strong><\/h5>\n","protected":false},"excerpt":{"rendered":"<p>Contin\u00faa en General Alvear la entrega de garrafas a precio subsidiado por el Municipio.\u00a0Con un precio unitario de $270, aquellos que &#8230;<\/p>\n","protected":false},"author":7,"featured_media":68781,"comment_status":"open","ping_status":"open","sticky":false,"template":"","format":"standard","meta":{"footnotes":""},"categories":[5,31],"tags":[],"class_list":["post-72237","post","type-post","status-publish","format-standard","has-post-thumbnail","hentry","category-actualidad","category-desarrollo-social"],"_links":{"self":[{"href":"https:\/\/vinasfm.com\/noticias\/wp-json\/wp\/v2\/posts\/72237","targetHints":{"allow":["GET"]}}],"collection":[{"href":"https:\/\/vinasfm.com\/noticias\/wp-json\/wp\/v2\/posts"}],"about":[{"href":"https:\/\/vinasfm.com\/noticias\/wp-json\/wp\/v2\/types\/post"}],"author":[{"embeddable":true,"href":"https:\/\/vinasfm.com\/noticias\/wp-json\/wp\/v2\/users\/7"}],"replies":[{"embeddable":true,"href":"https:\/\/vinasfm.com\/noticias\/wp-json\/wp\/v2\/comments?post=72237"}],"version-history":[{"count":1,"href":"https:\/\/vinasfm.com\/noticias\/wp-json\/wp\/v2\/posts\/72237\/revisions"}],"predecessor-version":[{"id":72240,"href":"https:\/\/vinasfm.com\/noticias\/wp-json\/wp\/v2\/posts\/72237\/revisions\/72240"}],"wp:featuredmedia":[{"embeddable":true,"href":"https:\/\/vinasfm.com\/noticias\/wp-json\/wp\/v2\/media\/68781"}],"wp:attachment":[{"href":"https:\/\/vinasfm.com\/noticias\/wp-json\/wp\/v2\/media?parent=72237"}],"wp:term":[{"taxonomy":"category","embeddable":true,"href":"https:\/\/vinasfm.com\/noticias\/wp-json\/wp\/v2\/categories?post=72237"},{"taxonomy":"post_tag","embeddable":true,"href":"https:\/\/vinasfm.com\/noticias\/wp-json\/wp\/v2\/tags?post=72237"}],"curies":[{"name":"wp","href":"https:\/\/api.w.org\/{rel}","templated":true}]}}