{"id":72152,"date":"2020-06-30T09:44:51","date_gmt":"2020-06-30T12:44:51","guid":{"rendered":"http:\/\/vinasfm.com\/noticias\/?p=72152"},"modified":"2020-07-01T12:22:32","modified_gmt":"2020-07-01T15:22:32","slug":"el-desopilante-spot-pampeano-de-la-victoria-lograda-sobre-mendoza-por-portezuelo-2","status":"publish","type":"post","link":"https:\/\/vinasfm.com\/noticias\/el-desopilante-spot-pampeano-de-la-victoria-lograda-sobre-mendoza-por-portezuelo-2\/","title":{"rendered":"EL DESOPILANTE SPOT PAMPEANO DE LA &#8216;VICTORIA&#8217; LOGRADA SOBRE MENDOZA POR PORTEZUELO"},"content":{"rendered":"<h4><strong>Como era de esperar, el gobierno de La Pampa creo a modo de celebraci\u00f3n un spot que se emite en los medios de la vecina provincia bajo el hashtag #NoAPortezueloEnManosDeMendoza y que destaca la \u00abvictoria en la defensa de sus recursos\u00bb.<\/strong><\/h4>\n<div id=\"attachment_72162\" style=\"width: 300px\" class=\"wp-caption alignleft\"><a href=\"http:\/\/vinasfm.com\/noticias\/wp-content\/uploads\/2020\/06\/FB_IMG_1593480309546.jpg\"><img loading=\"lazy\" decoding=\"async\" aria-describedby=\"caption-attachment-72162\" class=\"size-medium wp-image-72162\" src=\"http:\/\/vinasfm.com\/noticias\/wp-content\/uploads\/2020\/06\/FB_IMG_1593480309546-300x203.jpg\" alt=\"\" width=\"300\" height=\"203\" srcset=\"https:\/\/vinasfm.com\/noticias\/wp-content\/uploads\/2020\/06\/FB_IMG_1593480309546-300x203.jpg 300w, https:\/\/vinasfm.com\/noticias\/wp-content\/uploads\/2020\/06\/FB_IMG_1593480309546.jpg 628w\" sizes=\"auto, (max-width: 300px) 100vw, 300px\" \/><\/a><p id=\"caption-attachment-72162\" class=\"wp-caption-text\">Vallas publicitarias en La Pampa.<\/p><\/div>\n<p>El spot <strong>comenz\u00f3 a difundirse el mismo viernes 26<\/strong>, cuando se conoci\u00f3 el resultado (4 a 1) en contra del proyecto de <strong>Portezuelo del Viento<\/strong> que propuso Mendoza a Neuqu\u00e9n, La Pampa, R\u00edo Negro y Buenos Aires, integrantes del <a href=\"http:\/\/vinasfm.com\/noticias\/el-coirco-rechazo-la-propuesta-de-mendoza-y-aprobo-hacer-un-nuevo-estudio-de-impacto-ambiental\/\">COIRCO<\/a>.<\/p>\n<p>En el v\u00eddeo se ve al gobernador pampeano, <strong>Sergio Ziliotto<\/strong> (<strong>PJ<\/strong>), recorrer la ribera del R\u00edo Atuel e ingresando al Sal\u00f3n de Los Escudos en la Casa Rosada el pasado viernes. Adem\u00e1s se observa a vecinos y estudiantes de la vecina provincia en cada diapositiva con varios membretes que resaltan la gesti\u00f3n de su gobierno en las pretensiones que hace a\u00f1os han tenido y les ha valido para despotricar contra Mendoza.<\/p>\n<p>\u00ab<strong><em>Cada pampeano, cada pampeana, es parte del compromiso que representa nuestra causa del agua<\/em><\/strong>\u00ab, \u00ab<strong><em>Celebramos logros y conquistas proque juntos estamos haciendo historia&#8230;<\/em><\/strong>\u00ab, son dos de los enunciados que conforman el spot que comparti\u00f3 Canal 3 de Santa Rosa.<\/p>\n<p>El <a href=\"http:\/\/vinasfm.com\/noticias\/que-informa-la-prensa-pampeana-sobre-mendoza-en-torno-a-portezuelo\/\">comportamiento period\u00edstico de parte de la prensa pampeana<\/a> ha sido distinta despu\u00e9s del viernes, teniendo en cuenta que meses antes hab\u00edan tenido una <a href=\"http:\/\/vinasfm.com\/noticias\/71889-2\/\">actitud agresiva<\/a> contra los mendocinos influenciados por el gobierno de Ziliotto, quien ten\u00eda como \u00fanico \u00abcaballito de batalla\u00bb en su gesti\u00f3n ganarle la pulseada a Mendoza en torno a Portezuelo.<\/p>\n<p>Es sabido que el Ejecutivo de esa provincia siempre ha respondido con un NO rotundo al di\u00e1logo que ha propuesto nuestra provincia, obviando diversos beneficios que han obtenido desde hace a\u00f1os como la mitad de las regal\u00edas de los Nihuiles, fen\u00f3meno inedito en el pa\u00eds, y la entrega de agua mineral desde Punta del Agua.<\/p>\n<h4><strong>EL SPOT DE \u00abLA VICTORIA\u00bb<\/strong><\/h4>\n<div id=\"fb-root\"><\/div>\n<p><script async=\"1\" defer=\"1\" crossorigin=\"anonymous\" src=\"https:\/\/connect.facebook.net\/es_LA\/sdk.js#xfbml=1&amp;version=v7.0\" nonce=\"savWMHKJ\"><\/script><\/p>\n<div class=\"fb-video\" data-href=\"https:\/\/www.facebook.com\/canal3lapampa\/videos\/510397549684273\/\" data-width=\"1140\">\n<blockquote cite=\"https:\/\/www.facebook.com\/canal3lapampa\/videos\/510397549684273\/\" class=\"fb-xfbml-parse-ignore\"><p><a href=\"https:\/\/www.facebook.com\/canal3lapampa\/videos\/510397549684273\/\"><\/a><\/p>\n<p>Un estado presente asume la responsabilidad de defender nuestros recursos.#NoAlPortezueloEnManosDeMendoza<\/p>\n<p>Publicado por <a href=\"https:\/\/www.facebook.com\/canal3lapampa\/\">Canal 3 &#8211; La Pampa<\/a> en Viernes, 26 de junio de 2020<\/p><\/blockquote>\n<\/div>\n<h5><em>F.B. (F.M. Vi\u00f1as).<\/em><\/h5>\n","protected":false},"excerpt":{"rendered":"<p>Como era de esperar, el gobierno de La Pampa creo a modo de celebraci\u00f3n un spot que se emite en los &#8230;<\/p>\n","protected":false},"author":8,"featured_media":72151,"comment_status":"open","ping_status":"open","sticky":false,"template":"","format":"standard","meta":{"footnotes":""},"categories":[5,54,61],"tags":[],"class_list":["post-72152","post","type-post","status-publish","format-standard","has-post-thumbnail","hentry","category-actualidad","category-conflicto-con-la-pampa","category-portezuelo-del-viento"],"_links":{"self":[{"href":"https:\/\/vinasfm.com\/noticias\/wp-json\/wp\/v2\/posts\/72152","targetHints":{"allow":["GET"]}}],"collection":[{"href":"https:\/\/vinasfm.com\/noticias\/wp-json\/wp\/v2\/posts"}],"about":[{"href":"https:\/\/vinasfm.com\/noticias\/wp-json\/wp\/v2\/types\/post"}],"author":[{"embeddable":true,"href":"https:\/\/vinasfm.com\/noticias\/wp-json\/wp\/v2\/users\/8"}],"replies":[{"embeddable":true,"href":"https:\/\/vinasfm.com\/noticias\/wp-json\/wp\/v2\/comments?post=72152"}],"version-history":[{"count":2,"href":"https:\/\/vinasfm.com\/noticias\/wp-json\/wp\/v2\/posts\/72152\/revisions"}],"predecessor-version":[{"id":72163,"href":"https:\/\/vinasfm.com\/noticias\/wp-json\/wp\/v2\/posts\/72152\/revisions\/72163"}],"wp:featuredmedia":[{"embeddable":true,"href":"https:\/\/vinasfm.com\/noticias\/wp-json\/wp\/v2\/media\/72151"}],"wp:attachment":[{"href":"https:\/\/vinasfm.com\/noticias\/wp-json\/wp\/v2\/media?parent=72152"}],"wp:term":[{"taxonomy":"category","embeddable":true,"href":"https:\/\/vinasfm.com\/noticias\/wp-json\/wp\/v2\/categories?post=72152"},{"taxonomy":"post_tag","embeddable":true,"href":"https:\/\/vinasfm.com\/noticias\/wp-json\/wp\/v2\/tags?post=72152"}],"curies":[{"name":"wp","href":"https:\/\/api.w.org\/{rel}","templated":true}]}}