{"id":72098,"date":"2020-06-29T09:50:43","date_gmt":"2020-06-29T12:50:43","guid":{"rendered":"http:\/\/vinasfm.com\/noticias\/?p=72098"},"modified":"2020-06-30T08:05:11","modified_gmt":"2020-06-30T11:05:11","slug":"los-rios-del-sur-traen-entre-un-37-y-un-53-menos-agua-que-la-media-historica","status":"publish","type":"post","link":"https:\/\/vinasfm.com\/noticias\/los-rios-del-sur-traen-entre-un-37-y-un-53-menos-agua-que-la-media-historica\/","title":{"rendered":"LOS R\u00cdOS DEL SUR TRAEN ENTRE UN 37% Y UN 53% MENOS AGUA QUE LA MEDIA HIST\u00d3RICA"},"content":{"rendered":"<h4><strong>En el medio de una de las cortas anuales m\u00e1s largas de los \u00faltimos a\u00f1os, los embalses del Sur de Mendoza no logran mejorar sus reservas y se estima que la temporada de riego de 2020\/2021 empezar\u00e1 con niveles muy bajos para el Atuel y el Diamante, sin embargo, queda esperar como se desarrollen las nevadas en alta monta\u00f1a.<\/strong><\/h4>\n<p>Una de las cuestiones se debe a que los r\u00edos traen menor cantidad de agua que lo que suelen arrastrar habitualmente. Mientras en la cuenca del Atuel hay un 37% menos agua, en la del Diamante la cifra llega hasta un 53%.<\/p>\n<p>Los n\u00fameros marcan que en la actualidad el r\u00edo Atuel escurre a apenas 14 metros c\u00fabicos por segundo, seg\u00fan las mediciones de la estaci\u00f3n de aforo de La Angostura. La media hist\u00f3rica para esta fecha marca 22 metros c\u00fabicos por segundo.<\/p>\n<p>Al hablar del volumen embalsado, entre Valle Grande y El Nihuil llegan a solo 169 hect\u00f3metros c\u00fabicos, con una de las mediciones m\u00e1s bajas de la \u00faltima d\u00e9cada y un 25% menos agua que la media hist\u00f3rica, de 227 hect\u00f3metros c\u00fabicos.<\/p>\n<p>La situaci\u00f3n del Diamante es a\u00fan m\u00e1s preocupante, ya que por estos d\u00edas la estaci\u00f3n de La Jaula muestra que bajan apenas 8 metros c\u00fabicos por segundo, cuando la media hist\u00f3rica es de 17. Actualmente el ingreso de agua a los diques se encuentra por debajo del 50%.<\/p>\n<p>En la actualidad, los diques de Agua del Toro y Los Reyunos acumulan 307 hect\u00f3metros c\u00fabicos, el peor registro hist\u00f3rico de la d\u00e9cada, y un 25% por debajo de la media hist\u00f3rica, que llega a 414 hect\u00f3metros c\u00fabicos.<\/p>\n<h5><strong><em>Fuente: Diario San Rafael\/ A.C.<\/em><\/strong><\/h5>\n","protected":false},"excerpt":{"rendered":"<p>En el medio de una de las cortas anuales m\u00e1s largas de los \u00faltimos a\u00f1os, los embalses del Sur de Mendoza &#8230;<\/p>\n","protected":false},"author":7,"featured_media":57082,"comment_status":"open","ping_status":"open","sticky":false,"template":"","format":"standard","meta":{"footnotes":""},"categories":[5,37],"tags":[],"class_list":["post-72098","post","type-post","status-publish","format-standard","has-post-thumbnail","hentry","category-actualidad","category-irrigacion"],"_links":{"self":[{"href":"https:\/\/vinasfm.com\/noticias\/wp-json\/wp\/v2\/posts\/72098","targetHints":{"allow":["GET"]}}],"collection":[{"href":"https:\/\/vinasfm.com\/noticias\/wp-json\/wp\/v2\/posts"}],"about":[{"href":"https:\/\/vinasfm.com\/noticias\/wp-json\/wp\/v2\/types\/post"}],"author":[{"embeddable":true,"href":"https:\/\/vinasfm.com\/noticias\/wp-json\/wp\/v2\/users\/7"}],"replies":[{"embeddable":true,"href":"https:\/\/vinasfm.com\/noticias\/wp-json\/wp\/v2\/comments?post=72098"}],"version-history":[{"count":2,"href":"https:\/\/vinasfm.com\/noticias\/wp-json\/wp\/v2\/posts\/72098\/revisions"}],"predecessor-version":[{"id":72101,"href":"https:\/\/vinasfm.com\/noticias\/wp-json\/wp\/v2\/posts\/72098\/revisions\/72101"}],"wp:featuredmedia":[{"embeddable":true,"href":"https:\/\/vinasfm.com\/noticias\/wp-json\/wp\/v2\/media\/57082"}],"wp:attachment":[{"href":"https:\/\/vinasfm.com\/noticias\/wp-json\/wp\/v2\/media?parent=72098"}],"wp:term":[{"taxonomy":"category","embeddable":true,"href":"https:\/\/vinasfm.com\/noticias\/wp-json\/wp\/v2\/categories?post=72098"},{"taxonomy":"post_tag","embeddable":true,"href":"https:\/\/vinasfm.com\/noticias\/wp-json\/wp\/v2\/tags?post=72098"}],"curies":[{"name":"wp","href":"https:\/\/api.w.org\/{rel}","templated":true}]}}