{"id":72043,"date":"2020-06-29T09:23:17","date_gmt":"2020-06-29T12:23:17","guid":{"rendered":"http:\/\/vinasfm.com\/noticias\/?p=72043"},"modified":"2020-07-12T11:20:26","modified_gmt":"2020-07-12T14:20:26","slug":"la-justicia-investiga-al-docente-acusado-de-abusar-sexualmente-de-uno-de-sus-alumnos","status":"publish","type":"post","link":"https:\/\/vinasfm.com\/noticias\/la-justicia-investiga-al-docente-acusado-de-abusar-sexualmente-de-uno-de-sus-alumnos\/","title":{"rendered":"LA JUSTICIA INVESTIGA AL DOCENTE ACUSADO DE ABUSAR SEXUALMENTE DE UNO DE SUS ALUMNOS"},"content":{"rendered":"<h4><strong>Este viernes, un hombre fue acusado de haber sido tiempo atr\u00e1s autor del abuso sexual de un joven en nuestro departamento, raz\u00f3n por la que se encuentra detenido en la seccional local a disposici\u00f3n de la Justicia.\u00a0<\/strong><\/h4>\n<p>Se trata de un profesor de educaci\u00f3n primaria que ejerce funciones en la <strong>Escuela N\u00b0 1-070 &#8216;Capital Federal&#8217;<\/strong>, emplazada en Roca y Roque S\u00e1enz de Ciudad. El acusado, de apellido<em><strong> Cirica<\/strong>,<\/em> era <strong>maestro de 6\u00b0<\/strong> de esa instituci\u00f3n y es el principal sospechoso de <strong>haber perpetrado abuso sobre alumnos y menores de edad en reuniones estudiantiles que sol\u00eda realizar<\/strong>.<\/p>\n<p><strong>La denuncia<\/strong> ante la Unidad Fiscal <strong>la realiz\u00f3 un joven<\/strong> (<strong>18<\/strong>), donde seg\u00fan testimoni\u00f3<strong> fue sometido a las vejaciones sexuales cuando aun era menor por parte de quien era su profesor<\/strong>. Por el cerrojo informativo que condiciona el hecho, <strong>no se sabe si el detenido protagoniz\u00f3 otros actos similares bajo la misma modalidad<\/strong>.<\/p>\n<p>A ra\u00edz, de por lo menos, este caso particular, <strong><em>Cirica<\/em> se encuentra alojado en la dependencia policial a disposici\u00f3n de la Justicia<\/strong>, que determinar\u00e1 su futuro teniendo en cuenta c\u00f3mo prospere la investigaci\u00f3n. Por su parte, el denunciante deber\u00e1 exponerse a ex\u00e1menes f\u00edsicos y ps\u00edquicos, se proceder\u00e1 al secuestro de dispositivos electr\u00f3nicos de ambos y se tomar\u00e1n testimoniales.<\/p>\n<p>Como parte del proceso judicial, y con base en los resultados de las primeras pericias y la calificaci\u00f3n legal de la imputaci\u00f3n, <strong>se determinar\u00e1 si el sindicado es trasladado a la penitenciaria o recupera su libertad<\/strong>. En caso de confirmarse su culpabilidad <strong>podr\u00eda enfrentar de 8 a 20 a\u00f1os de c\u00e1rcel<\/strong>.<\/p>\n<h5><em>\u2022F.B. ( Redacci\u00f3n F.M. Vi\u00f1as).<\/em><\/h5>\n","protected":false},"excerpt":{"rendered":"<p>Este viernes, un hombre fue acusado de haber sido tiempo atr\u00e1s autor del abuso sexual de un joven en nuestro departamento, &#8230;<\/p>\n","protected":false},"author":8,"featured_media":63435,"comment_status":"open","ping_status":"open","sticky":false,"template":"","format":"standard","meta":{"footnotes":""},"categories":[5,22,4],"tags":[],"class_list":["post-72043","post","type-post","status-publish","format-standard","has-post-thumbnail","hentry","category-actualidad","category-justicia","category-policiales"],"_links":{"self":[{"href":"https:\/\/vinasfm.com\/noticias\/wp-json\/wp\/v2\/posts\/72043","targetHints":{"allow":["GET"]}}],"collection":[{"href":"https:\/\/vinasfm.com\/noticias\/wp-json\/wp\/v2\/posts"}],"about":[{"href":"https:\/\/vinasfm.com\/noticias\/wp-json\/wp\/v2\/types\/post"}],"author":[{"embeddable":true,"href":"https:\/\/vinasfm.com\/noticias\/wp-json\/wp\/v2\/users\/8"}],"replies":[{"embeddable":true,"href":"https:\/\/vinasfm.com\/noticias\/wp-json\/wp\/v2\/comments?post=72043"}],"version-history":[{"count":2,"href":"https:\/\/vinasfm.com\/noticias\/wp-json\/wp\/v2\/posts\/72043\/revisions"}],"predecessor-version":[{"id":72054,"href":"https:\/\/vinasfm.com\/noticias\/wp-json\/wp\/v2\/posts\/72043\/revisions\/72054"}],"wp:featuredmedia":[{"embeddable":true,"href":"https:\/\/vinasfm.com\/noticias\/wp-json\/wp\/v2\/media\/63435"}],"wp:attachment":[{"href":"https:\/\/vinasfm.com\/noticias\/wp-json\/wp\/v2\/media?parent=72043"}],"wp:term":[{"taxonomy":"category","embeddable":true,"href":"https:\/\/vinasfm.com\/noticias\/wp-json\/wp\/v2\/categories?post=72043"},{"taxonomy":"post_tag","embeddable":true,"href":"https:\/\/vinasfm.com\/noticias\/wp-json\/wp\/v2\/tags?post=72043"}],"curies":[{"name":"wp","href":"https:\/\/api.w.org\/{rel}","templated":true}]}}