{"id":72023,"date":"2020-06-27T10:22:15","date_gmt":"2020-06-27T13:22:15","guid":{"rendered":"http:\/\/vinasfm.com\/noticias\/?p=72023"},"modified":"2020-06-28T19:31:41","modified_gmt":"2020-06-28T22:31:41","slug":"por-un-desperfecto-electrico-se-origino-un-incendio-en-una-vivienda-del-b-san-carlos","status":"publish","type":"post","link":"https:\/\/vinasfm.com\/noticias\/por-un-desperfecto-electrico-se-origino-un-incendio-en-una-vivienda-del-b-san-carlos\/","title":{"rendered":"POR UN DESPERFECTO EL\u00c9CTRICO, SE ORIGIN\u00d3 UN INCENDIO EN UNA VIVIENDA DEL B\u00b0 SAN CARLOS"},"content":{"rendered":"<h4><strong>En horas de la ma\u00f1ana de este s\u00e1bado, personal de Bomberos y Defensa Civil trabajaron en la extinci\u00f3n de un incendio que se desat\u00f3 en el interior de una vivienda del B\u00b0 San Carlos.<\/strong><\/h4>\n<p>Cerca de las<strong> 8:50h de hoy<\/strong>, un llamado al 911 comunic\u00f3 lo sucedido en la propiedad <strong>ubicada en calle Chacabuco 107,<\/strong>\u00a0a metros de la Estaci\u00f3n de Servicio de Av. Libertador Norte.<\/p>\n<p>De acuerdo a lo que detall\u00f3 el Director de Defensa Civil, <strong>Adolfo Balverde<\/strong>, las llamas <strong>se originaron a ra\u00edz de un desperfecto el\u00e9ctrico<\/strong> que afect\u00f3 el entrepiso de madera y algunas pertenencias de la familia <em>Gast\u00f3n<\/em>.<\/p>\n<p>El fuego se desarroll\u00f3 principalmente en una habitaci\u00f3n afectando <strong><em>una cama cucheta, un ropero, un sill\u00f3n, una estufa el\u00e9ctrica, una tabla de planchar, ropas varias, un aire acondicionado, un escritorio, ropas varias y 32 m 2 de cielo raso de madera machimbre<\/em><\/strong>.<\/p>\n<p>\u00ab<strong><em>El due\u00f1o nos dijo que era una junta el\u00e9ctrica. Tanto ellos con los extintores como los vecinos ayudaron en la mitigaci\u00f3n del foco \u00edgneo hasta que llegaron los Bomberos a controlar la situaci\u00f3n<\/em><\/strong>\u00ab, se\u00f1al\u00f3 el funcionario.<\/p>\n<p><strong>Tras 50 minutos de trabajo se logr\u00f3 la extinci\u00f3n total<\/strong>. Se est\u00e1n realizando las medidas de rigor sobre las causales, las que ser\u00e1n informadas a la oficina fiscal de General Alvear.<\/p>\n<h5><em>\u2022F.B. (F.M. Vi\u00f1as).<\/em><\/h5>\n","protected":false},"excerpt":{"rendered":"<p>En horas de la ma\u00f1ana de este s\u00e1bado, personal de Bomberos y Defensa Civil trabajaron en la extinci\u00f3n de un incendio &#8230;<\/p>\n","protected":false},"author":8,"featured_media":72026,"comment_status":"open","ping_status":"open","sticky":false,"template":"","format":"standard","meta":{"footnotes":""},"categories":[1],"tags":[],"class_list":["post-72023","post","type-post","status-publish","format-standard","has-post-thumbnail","hentry","category-fmvinas"],"_links":{"self":[{"href":"https:\/\/vinasfm.com\/noticias\/wp-json\/wp\/v2\/posts\/72023","targetHints":{"allow":["GET"]}}],"collection":[{"href":"https:\/\/vinasfm.com\/noticias\/wp-json\/wp\/v2\/posts"}],"about":[{"href":"https:\/\/vinasfm.com\/noticias\/wp-json\/wp\/v2\/types\/post"}],"author":[{"embeddable":true,"href":"https:\/\/vinasfm.com\/noticias\/wp-json\/wp\/v2\/users\/8"}],"replies":[{"embeddable":true,"href":"https:\/\/vinasfm.com\/noticias\/wp-json\/wp\/v2\/comments?post=72023"}],"version-history":[{"count":2,"href":"https:\/\/vinasfm.com\/noticias\/wp-json\/wp\/v2\/posts\/72023\/revisions"}],"predecessor-version":[{"id":72035,"href":"https:\/\/vinasfm.com\/noticias\/wp-json\/wp\/v2\/posts\/72023\/revisions\/72035"}],"wp:featuredmedia":[{"embeddable":true,"href":"https:\/\/vinasfm.com\/noticias\/wp-json\/wp\/v2\/media\/72026"}],"wp:attachment":[{"href":"https:\/\/vinasfm.com\/noticias\/wp-json\/wp\/v2\/media?parent=72023"}],"wp:term":[{"taxonomy":"category","embeddable":true,"href":"https:\/\/vinasfm.com\/noticias\/wp-json\/wp\/v2\/categories?post=72023"},{"taxonomy":"post_tag","embeddable":true,"href":"https:\/\/vinasfm.com\/noticias\/wp-json\/wp\/v2\/tags?post=72023"}],"curies":[{"name":"wp","href":"https:\/\/api.w.org\/{rel}","templated":true}]}}