{"id":71981,"date":"2020-06-27T07:33:56","date_gmt":"2020-06-27T10:33:56","guid":{"rendered":"http:\/\/vinasfm.com\/noticias\/?p=71981"},"modified":"2020-06-28T00:54:14","modified_gmt":"2020-06-28T03:54:14","slug":"casa-rosada-suarez-acordo-con-nacion-un-credito-de-1-900-millones","status":"publish","type":"post","link":"https:\/\/vinasfm.com\/noticias\/casa-rosada-suarez-acordo-con-nacion-un-credito-de-1-900-millones\/","title":{"rendered":"CASA ROSADA: SUAREZ ACORD\u00d3 CON NACI\u00d3N UN CR\u00c9DITO DE $1.900 MILLONES"},"content":{"rendered":"<p><strong>Se trata de la ayuda econ\u00f3mica que el Gobierno nacional brinda a las provincias para mitigar los efectos econ\u00f3micos de la pandemia de COVID-19.<\/strong><\/p>\n<p>El Gobernador Rodolfo Suarez se reuni\u00f3 en el Sal\u00f3n de los Cient\u00edficos de Casa Rosada con los ministros nacionales Wado de Pedro (Interior) y Mart\u00edn Guzm\u00e1n (Econom\u00eda), para acordar la asistencia financiera a Mendoza por $1.900 millones.<\/p>\n<p>En el acuerdo, \u201cla Provincia se compromete a implementar las acciones necesarias para asegurar la prestaci\u00f3n de los servicios sanitarios para hacer frente a la pandemia, as\u00ed como el cumplimiento de las obligaciones de gastos relevantes, en el marco de un programa financiero que optimice los recursos p\u00fablicos y las fuentes de financiamiento disponibles\u201d.<\/p>\n<p>En los detalles del convenio firmado se explica que los pr\u00e9stamos se entregar\u00e1n con pagos en 36 cuotas mensuales, iguales y consecutivas, y comenzar\u00e1n a abonarse en enero del 2021\u201d. Adem\u00e1s, se indica que la tasa de inter\u00e9s aplicable ser\u00e1 del 0,10% nominal anual y se calcular\u00e1 sobre el capital ajustado por Coeficiente de Estabilizaci\u00f3n de Referencia (CER) que elabora el Banco Central de la Rep\u00fablica Argentina.<\/p>\n<h4><strong>Asistencia financiera a provincias<\/strong><\/h4>\n<p>Se trata de la ayuda econ\u00f3mica que ya recibieron ocho provincias: Tucum\u00e1n ($ 6.000 millones), Chubut ($ 5.000 millones), Chaco ($ 2.500 millones), Entre R\u00edos ($ 3.500 millones), C\u00f3rdoba ($4.800 millones), Santa Fe ($4.600 millones), Misiones ($1.200 millones) y Santa Cruz ($3.000 millones).<\/p>\n<h5><strong><em>A.C.<\/em><\/strong><\/h5>\n","protected":false},"excerpt":{"rendered":"<p>Se trata de la ayuda econ\u00f3mica que el Gobierno nacional brinda a las provincias para mitigar los efectos econ\u00f3micos de la &#8230;<\/p>\n","protected":false},"author":7,"featured_media":71985,"comment_status":"open","ping_status":"open","sticky":false,"template":"","format":"standard","meta":{"footnotes":""},"categories":[5,16],"tags":[],"class_list":["post-71981","post","type-post","status-publish","format-standard","has-post-thumbnail","hentry","category-actualidad","category-economia"],"_links":{"self":[{"href":"https:\/\/vinasfm.com\/noticias\/wp-json\/wp\/v2\/posts\/71981","targetHints":{"allow":["GET"]}}],"collection":[{"href":"https:\/\/vinasfm.com\/noticias\/wp-json\/wp\/v2\/posts"}],"about":[{"href":"https:\/\/vinasfm.com\/noticias\/wp-json\/wp\/v2\/types\/post"}],"author":[{"embeddable":true,"href":"https:\/\/vinasfm.com\/noticias\/wp-json\/wp\/v2\/users\/7"}],"replies":[{"embeddable":true,"href":"https:\/\/vinasfm.com\/noticias\/wp-json\/wp\/v2\/comments?post=71981"}],"version-history":[{"count":1,"href":"https:\/\/vinasfm.com\/noticias\/wp-json\/wp\/v2\/posts\/71981\/revisions"}],"predecessor-version":[{"id":71988,"href":"https:\/\/vinasfm.com\/noticias\/wp-json\/wp\/v2\/posts\/71981\/revisions\/71988"}],"wp:featuredmedia":[{"embeddable":true,"href":"https:\/\/vinasfm.com\/noticias\/wp-json\/wp\/v2\/media\/71985"}],"wp:attachment":[{"href":"https:\/\/vinasfm.com\/noticias\/wp-json\/wp\/v2\/media?parent=71981"}],"wp:term":[{"taxonomy":"category","embeddable":true,"href":"https:\/\/vinasfm.com\/noticias\/wp-json\/wp\/v2\/categories?post=71981"},{"taxonomy":"post_tag","embeddable":true,"href":"https:\/\/vinasfm.com\/noticias\/wp-json\/wp\/v2\/tags?post=71981"}],"curies":[{"name":"wp","href":"https:\/\/api.w.org\/{rel}","templated":true}]}}