{"id":71980,"date":"2020-06-27T07:30:24","date_gmt":"2020-06-27T10:30:24","guid":{"rendered":"http:\/\/vinasfm.com\/noticias\/?p=71980"},"modified":"2020-06-27T12:49:30","modified_gmt":"2020-06-27T15:49:30","slug":"mendoza-confirmo-cuatro-nuevos-casos-de-covid-19","status":"publish","type":"post","link":"https:\/\/vinasfm.com\/noticias\/mendoza-confirmo-cuatro-nuevos-casos-de-covid-19\/","title":{"rendered":"MENDOZA CONFIRM\u00d3 CUATRO NUEVOS CASOS DE COVID-19"},"content":{"rendered":"<h4><strong>El Ministerio de Salud confirm\u00f3 cuatro nuevos casos de\u00a0coronavirus\u00a0en\u00a0Mendoza. Por otro lado, dos mujeres de 20 y 48 a\u00f1os, recibieron el alta luego de haber estado internadas en el Hospital Lencinas.<\/strong><\/h4>\n<p>Se trata de:<\/p>\n<ul>\n<li>Un hombre de 58 a\u00f1os con nexo epidemiol\u00f3gico por haber estado en contacto estrecho con persona positiva de COVID-19. Est\u00e1 internado en el Hospital Santa Isabel de Hungr\u00eda.<\/li>\n<li>Un hombre de 56 a\u00f1os con nexo epidemiol\u00f3gico por haber estado en contacto estrecho con persona positiva de COVID-19. Est\u00e1 internado en el Hospital Privado.<\/li>\n<li>Una mujer de 57 a\u00f1os con nexo epidemiol\u00f3gico por haber estado en contacto estrecho con persona positiva de COVID-19. Est\u00e1 internada en el Hospital Privado.<\/li>\n<li>Una mujer de 27 a\u00f1os con nexo epidemiol\u00f3gico por haber estado en contacto estrecho con persona positiva de COVID-19. Est\u00e1 internada en el Hospital Lencinas.<\/li>\n<\/ul>\n<p>As\u00ed,\u00a0<strong>Mendoza<\/strong>\u00a0cuenta con\u00a0<strong>148\u00a0<\/strong>casos de COVID-19 confirmados. Del total,\u00a048\u00a0son casos importados,\u00a091\u00a0corresponden a contacto estrecho con un infectado de coronavirus y 9\u00a0se encuentran en investigaci\u00f3n para determinar el nexo epidemiol\u00f3gico.<\/p>\n<p>Por otro lado, la cartera sanitaria inform\u00f3 que\u00a0<strong>88\u00a0personas lograron recuperarse de la enfermedad<\/strong> mientras que los fallecidos son 9.<\/p>\n<h5><em>F.B.<\/em><\/h5>\n","protected":false},"excerpt":{"rendered":"<p>El Ministerio de Salud confirm\u00f3 cuatro nuevos casos de\u00a0coronavirus\u00a0en\u00a0Mendoza. Por otro lado, dos mujeres de 20 y 48 a\u00f1os, recibieron el &#8230;<\/p>\n","protected":false},"author":8,"featured_media":69823,"comment_status":"open","ping_status":"open","sticky":false,"template":"","format":"standard","meta":{"footnotes":""},"categories":[5,62],"tags":[],"class_list":["post-71980","post","type-post","status-publish","format-standard","has-post-thumbnail","hentry","category-actualidad","category-coronavirus"],"_links":{"self":[{"href":"https:\/\/vinasfm.com\/noticias\/wp-json\/wp\/v2\/posts\/71980","targetHints":{"allow":["GET"]}}],"collection":[{"href":"https:\/\/vinasfm.com\/noticias\/wp-json\/wp\/v2\/posts"}],"about":[{"href":"https:\/\/vinasfm.com\/noticias\/wp-json\/wp\/v2\/types\/post"}],"author":[{"embeddable":true,"href":"https:\/\/vinasfm.com\/noticias\/wp-json\/wp\/v2\/users\/8"}],"replies":[{"embeddable":true,"href":"https:\/\/vinasfm.com\/noticias\/wp-json\/wp\/v2\/comments?post=71980"}],"version-history":[{"count":1,"href":"https:\/\/vinasfm.com\/noticias\/wp-json\/wp\/v2\/posts\/71980\/revisions"}],"predecessor-version":[{"id":71983,"href":"https:\/\/vinasfm.com\/noticias\/wp-json\/wp\/v2\/posts\/71980\/revisions\/71983"}],"wp:featuredmedia":[{"embeddable":true,"href":"https:\/\/vinasfm.com\/noticias\/wp-json\/wp\/v2\/media\/69823"}],"wp:attachment":[{"href":"https:\/\/vinasfm.com\/noticias\/wp-json\/wp\/v2\/media?parent=71980"}],"wp:term":[{"taxonomy":"category","embeddable":true,"href":"https:\/\/vinasfm.com\/noticias\/wp-json\/wp\/v2\/categories?post=71980"},{"taxonomy":"post_tag","embeddable":true,"href":"https:\/\/vinasfm.com\/noticias\/wp-json\/wp\/v2\/tags?post=71980"}],"curies":[{"name":"wp","href":"https:\/\/api.w.org\/{rel}","templated":true}]}}