{"id":71940,"date":"2020-06-27T09:30:06","date_gmt":"2020-06-27T12:30:06","guid":{"rendered":"http:\/\/vinasfm.com\/noticias\/?p=71940"},"modified":"2020-06-29T10:13:14","modified_gmt":"2020-06-29T13:13:14","slug":"el-coirco-rechazo-la-propuesta-de-mendoza-y-aprobo-hacer-un-nuevo-estudio-de-impacto-ambiental","status":"publish","type":"post","link":"https:\/\/vinasfm.com\/noticias\/el-coirco-rechazo-la-propuesta-de-mendoza-y-aprobo-hacer-un-nuevo-estudio-de-impacto-ambiental\/","title":{"rendered":"EL COIRCO RECHAZ\u00d3 LA PROPUESTA DE MENDOZA Y APROB\u00d3 HACER UN NUEVO ESTUDIO DE IMPACTO AMBIENTAL"},"content":{"rendered":"<h4><strong>El gobernador de\u00a0Mendoza Rodolfo Su\u00e1rez\u00a0y su par de\u00a0La Pampa Sergio Ziliotto\u00a0se reunieron en la Casa Rosada junto al\u00a0ministro del Interior Eduardo de Pedro\u00a0para participar de la reuni\u00f3n del\u00a0Consejo de Gobierno del Comit\u00e9 Interjurisdiccional del R\u00edo Colorado (Coirco)\u00a0y debatir, entre otros temas, la construcci\u00f3n de la represa el\u00e9ctrica Portezuelo del Viento. Por su parte, los mandatarios de\u00a0Buenos Aires Axel Kicillof, de R\u00edo Negro Arabela Carreras y de Neuqu\u00e9n Omar Guti\u00e9rrez participaron mediante videoconferencia.<\/strong><\/h4>\n<p>Coirco resolvi\u00f3 <strong>con cuatro votos a favor y uno en contra<\/strong> -el de Mendoza-\u00a0<b>realizar un nuevo estudio de impacto ambiental en toda la cuenca del r\u00edo Colorado que podr\u00eda demorar cerca de dos a\u00f1os<\/b>.<\/p>\n<p><a href=\"http:\/\/vinasfm.com\/noticias\/wp-content\/uploads\/2020\/06\/Screenshot_20200626-195117.png\"><img loading=\"lazy\" decoding=\"async\" class=\" wp-image-71946 aligncenter\" src=\"http:\/\/vinasfm.com\/noticias\/wp-content\/uploads\/2020\/06\/Screenshot_20200626-195117-300x170.png\" alt=\"\" width=\"558\" height=\"316\" srcset=\"https:\/\/vinasfm.com\/noticias\/wp-content\/uploads\/2020\/06\/Screenshot_20200626-195117-300x170.png 300w, https:\/\/vinasfm.com\/noticias\/wp-content\/uploads\/2020\/06\/Screenshot_20200626-195117.png 676w\" sizes=\"auto, (max-width: 558px) 100vw, 558px\" \/><\/a><\/p>\n<p><b>Hubo dos mociones, una a favor y otra en contra; por cuatro votos contra uno se aprob\u00f3 la moci\u00f3n del gobernador pampeano de exigir la realizaci\u00f3n la evaluaci\u00f3n de impacto ambiental y el paso por el Congreso.<\/b><\/p>\n<p>Frente a esto, el gobernador Rodolfo Suarez adelant\u00f3\u00a0que pedir\u00eda un laudo presidencial, por lo que el ministro del Interior, Wado de Pedro, intervino y\u00a0<strong>propuso seguir negociando para encontrar un punto de acuerdo<\/strong>\u00a0antes de decantarse por la intervencion de Alberto Fern\u00e1ndez.<\/p>\n<p>De esta forma,\u00a0se busca acordar las condiciones en caso de que se realizace el nuevo estudio,\u00a0con las que se permita construir la represa sin que la afecte la ley que actualmente rige estas obras a nivel nacional.<strong>\u00a0Si no se logra consenso, Suarez\u00a0reafirm\u00f3 que acudir\u00e1 al laudo.<\/strong><\/p>\n<p>Por su parte, el gobernador de La Pampa, Sergio Ziliotto, celebr\u00f3 en Twitter el resultado de la votaci\u00f3n, calific\u00e1ndolo como \u00abun enorme paso en la defensa de nuestros r\u00edos\u00bb.<\/p>\n<p>A principios de mes, Fern\u00e1ndez dijo en una visita a La Pampa que<b>\u00a0\u201cno quiere financiar una obra cuestionada por cuatro provincias\u201d<\/b>. Y unos d\u00edas antes, el ministro De Pedro ya hab\u00eda convocado a los cinco gobernadores a la reuni\u00f3n del Consejo de Gobierno, tras revocar la Resoluci\u00f3n 604\/2019, por la cual se hab\u00eda archivado la solicitud de laudo presidencial elevada por La Pampa en relaci\u00f3n a la construcci\u00f3n del complejo hidroel\u00e9ctrico de Portezuelo del Viento, en Mendoza.<\/p>\n<p>Al pedido de La Pampa, se sumaron las solicitudes de Axel Kicillof (Buenos Aires), Omar Guti\u00e9rrez (Neuqu\u00e9n) y Arabela Carreras (R\u00edo Negro) para discutir un estudio de impacto ambiental de toda la cuenca del r\u00edo Colorado.<\/p>\n<p>Para destrabar el conflicto, Su\u00e1rez adelant\u00f3 el lunes en una reuni\u00f3n con el funcionario nacional que las provincias\u00a0<b>controlen el desarrollo de la obra y auditen que el manejo del agua estipulado se cumpla<\/b>; y\u00a0<b>un fondo de garant\u00eda de 5 millones\u00a0<\/b>de d\u00f3lares que servir\u00e1 para resarcir a las otras provincias si Mendoza no cumple con las condiciones; pero no fue suficiente.<\/p>\n<h5><em>F.B.<\/em><\/h5>\n","protected":false},"excerpt":{"rendered":"<p>El gobernador de\u00a0Mendoza Rodolfo Su\u00e1rez\u00a0y su par de\u00a0La Pampa Sergio Ziliotto\u00a0se reunieron en la Casa Rosada junto al\u00a0ministro del Interior Eduardo &#8230;<\/p>\n","protected":false},"author":8,"featured_media":71941,"comment_status":"open","ping_status":"open","sticky":false,"template":"","format":"standard","meta":{"footnotes":""},"categories":[5,61],"tags":[],"class_list":["post-71940","post","type-post","status-publish","format-standard","has-post-thumbnail","hentry","category-actualidad","category-portezuelo-del-viento"],"_links":{"self":[{"href":"https:\/\/vinasfm.com\/noticias\/wp-json\/wp\/v2\/posts\/71940","targetHints":{"allow":["GET"]}}],"collection":[{"href":"https:\/\/vinasfm.com\/noticias\/wp-json\/wp\/v2\/posts"}],"about":[{"href":"https:\/\/vinasfm.com\/noticias\/wp-json\/wp\/v2\/types\/post"}],"author":[{"embeddable":true,"href":"https:\/\/vinasfm.com\/noticias\/wp-json\/wp\/v2\/users\/8"}],"replies":[{"embeddable":true,"href":"https:\/\/vinasfm.com\/noticias\/wp-json\/wp\/v2\/comments?post=71940"}],"version-history":[{"count":2,"href":"https:\/\/vinasfm.com\/noticias\/wp-json\/wp\/v2\/posts\/71940\/revisions"}],"predecessor-version":[{"id":71955,"href":"https:\/\/vinasfm.com\/noticias\/wp-json\/wp\/v2\/posts\/71940\/revisions\/71955"}],"wp:featuredmedia":[{"embeddable":true,"href":"https:\/\/vinasfm.com\/noticias\/wp-json\/wp\/v2\/media\/71941"}],"wp:attachment":[{"href":"https:\/\/vinasfm.com\/noticias\/wp-json\/wp\/v2\/media?parent=71940"}],"wp:term":[{"taxonomy":"category","embeddable":true,"href":"https:\/\/vinasfm.com\/noticias\/wp-json\/wp\/v2\/categories?post=71940"},{"taxonomy":"post_tag","embeddable":true,"href":"https:\/\/vinasfm.com\/noticias\/wp-json\/wp\/v2\/tags?post=71940"}],"curies":[{"name":"wp","href":"https:\/\/api.w.org\/{rel}","templated":true}]}}