{"id":71815,"date":"2020-06-25T06:15:21","date_gmt":"2020-06-25T09:15:21","guid":{"rendered":"http:\/\/vinasfm.com\/noticias\/?p=71815"},"modified":"2020-06-26T00:47:40","modified_gmt":"2020-06-26T03:47:40","slug":"el-sur-provincial-cumplio-70-dias-libre-de-coronavirus","status":"publish","type":"post","link":"https:\/\/vinasfm.com\/noticias\/el-sur-provincial-cumplio-70-dias-libre-de-coronavirus\/","title":{"rendered":"EL SUR PROVINCIAL CUMPLI\u00d3 70 D\u00cdAS LIBRE DE CORONAVIRUS"},"content":{"rendered":"<h4><strong>Alvear, Malarg\u00fce y San Rafael est\u00e1n libre de Covid-19 desde el 15 de abril de este a\u00f1o, cuando se confirm\u00f3 el primer caso positivo en el sur mendocino. Los detalles de la buena noticia fueron elaborados por el Laboratorio Covid Regi\u00f3n Sur en su reporte vespertino diario de este mi\u00e9rcoles.<\/strong><\/h4>\n<p>Asimismo, desde la entidad que integra la <strong>Red de Laboratorios de Sal\u00fad P\u00fablica de Mendoza<\/strong> informaron que <strong>ayer se procesaron 6 determinaciones en la regi\u00f3n sur resultando todas negativas<\/strong>.<\/p>\n<p>Cabe recordar <strong>hay tres personas recuperadas de Coronavirus<\/strong>, asistidos en el Hospital Regional de Malarg\u00fce. \u201c<strong><em>Es importante destacar que mantener los casos limitados a aquellos que \u00a0vienen del extranjero ser\u00e1 posible en la medida que respetemos estrictamewnte el aislmamiento social<\/em><\/strong>\u201d, resaltaron.<\/p>\n<h4><strong>Informe Departamental <\/strong><\/h4>\n<p>Por su parte, el <strong>Comit\u00e9 de Emergencias de General Alvear<\/strong> comunic\u00f3 en su informe diario que este mi\u00e9rcoles <strong>no hubo casos positivos<\/strong>; <strong>hubo un caso sospechoso sin conexi\u00f3n epidemiol\u00f3gica que al realizar el hisopado dio <em>negativo<\/em><\/strong>.<\/p>\n<h5><em>F.B. (F.M. Vi\u00f1as).<\/em><\/h5>\n","protected":false},"excerpt":{"rendered":"<p>Alvear, Malarg\u00fce y San Rafael est\u00e1n libre de Covid-19 desde el 15 de abril de este a\u00f1o, cuando se confirm\u00f3 el &#8230;<\/p>\n","protected":false},"author":8,"featured_media":70682,"comment_status":"open","ping_status":"open","sticky":false,"template":"","format":"standard","meta":{"footnotes":""},"categories":[1],"tags":[],"class_list":["post-71815","post","type-post","status-publish","format-standard","has-post-thumbnail","hentry","category-fmvinas"],"_links":{"self":[{"href":"https:\/\/vinasfm.com\/noticias\/wp-json\/wp\/v2\/posts\/71815","targetHints":{"allow":["GET"]}}],"collection":[{"href":"https:\/\/vinasfm.com\/noticias\/wp-json\/wp\/v2\/posts"}],"about":[{"href":"https:\/\/vinasfm.com\/noticias\/wp-json\/wp\/v2\/types\/post"}],"author":[{"embeddable":true,"href":"https:\/\/vinasfm.com\/noticias\/wp-json\/wp\/v2\/users\/8"}],"replies":[{"embeddable":true,"href":"https:\/\/vinasfm.com\/noticias\/wp-json\/wp\/v2\/comments?post=71815"}],"version-history":[{"count":1,"href":"https:\/\/vinasfm.com\/noticias\/wp-json\/wp\/v2\/posts\/71815\/revisions"}],"predecessor-version":[{"id":71819,"href":"https:\/\/vinasfm.com\/noticias\/wp-json\/wp\/v2\/posts\/71815\/revisions\/71819"}],"wp:featuredmedia":[{"embeddable":true,"href":"https:\/\/vinasfm.com\/noticias\/wp-json\/wp\/v2\/media\/70682"}],"wp:attachment":[{"href":"https:\/\/vinasfm.com\/noticias\/wp-json\/wp\/v2\/media?parent=71815"}],"wp:term":[{"taxonomy":"category","embeddable":true,"href":"https:\/\/vinasfm.com\/noticias\/wp-json\/wp\/v2\/categories?post=71815"},{"taxonomy":"post_tag","embeddable":true,"href":"https:\/\/vinasfm.com\/noticias\/wp-json\/wp\/v2\/tags?post=71815"}],"curies":[{"name":"wp","href":"https:\/\/api.w.org\/{rel}","templated":true}]}}