{"id":71791,"date":"2020-06-25T02:17:26","date_gmt":"2020-06-25T05:17:26","guid":{"rendered":"http:\/\/vinasfm.com\/noticias\/?p=71791"},"modified":"2020-06-26T09:46:54","modified_gmt":"2020-06-26T12:46:54","slug":"resumen-estadistico-como-ha-trabajado-la-comuna-en-la-prevencion-de-covid-19","status":"publish","type":"post","link":"https:\/\/vinasfm.com\/noticias\/resumen-estadistico-como-ha-trabajado-la-comuna-en-la-prevencion-de-covid-19\/","title":{"rendered":"RESUMEN ESTAD\u00cdSTICO: C\u00d3MO HA TRABAJADO LA COMUNA EN LA PREVENCI\u00d3N DE COVID-19"},"content":{"rendered":"<h5><strong>El Municipio de General Alvear, en su car\u00e1cter de Autoridad Local asumiendo el compromiso de apoyar y hacer cumplir en el \u00e1mbito de su competencia, la implementaci\u00f3n de disposiciones nacionales y\/o provincial tendiente a evitar la posible propagaci\u00f3n de Coronavirus ha desarrollado numerosas acciones, alguna de ellas detalladas a continuaci\u00f3n.<\/strong><\/h5>\n<p><em><strong>Anexos Estad\u00edsticas <a href=\"https:\/\/we.tl\/t-sDN0wTGjaQ?src=dnl\">https:\/\/we.tl\/t-sDN0wTGjaQ?src=dnl<\/a><\/strong><\/em><\/p>\n<ol>\n<li>Elaboraci\u00f3n diaria de reportes respecto a la situaci\u00f3n epidemiol\u00f3gica a nivel Mundial, Nacional, Provincial y Departamental, la informaci\u00f3n oficial es obtenida de organismos Internacionales, Nacionales, Provinciales y locales. La elaboraci\u00f3n del mismo est\u00e1 a cargo de la Sala de Situaci\u00f3n de Salud Local<\/li>\n<\/ol>\n<ul>\n<li>Cantidad de informes elaborados hasta la fecha:\u00a0\u00a0<strong>99\u00a0<\/strong>informes emitidos (Ver Anexo 1)<\/li>\n<\/ul>\n<ol>\n<li>Se lleva adelante un trabajo de georefenciaci\u00f3n local, nutrida de informaci\u00f3n provista por las fuerzas de seguridad respecto a la toma de temperatura corporal en los dos ingresos Provinciales (Cochic\u00f3 y Canalejas) . La base de datos obtenida arroja informaci\u00f3n a cerca de las personas ingresadas al departamento con domicilio legal en General Alvear y que deben guardar aislamiento obligatorio en sitios designados por autoridades locales. El trabajo se desarrolla en forma coordinada y articulada la Direcci\u00f3n de Deportes, Actividad F\u00edsica y Recreaci\u00f3n y Direcci\u00f3n de Turismo de General Alvear y Municipio Saludable<\/li>\n<\/ol>\n<ul>\n<li>Total de veh\u00edculos y camiones que (control de la temperatura) ingresan a General Alvear desde el inicio del Aislamiento obligatorio hasta la fecha , con domicilio legal en el departamento: <strong>2.075<\/strong>\u00a0rodados<\/li>\n<li>Total de personas en Aislamiento obligatorio desde el inicio del Aislamiento obligatorio hasta la fecha: <strong>222<\/strong> personas<\/li>\n<\/ul>\n<ol>\n<li>Se realizan operativos itinerantes aleatorios con el objetivo de controlar la temperatura corporal y constatar la circulaci\u00f3n de personas en la v\u00eda p\u00fablica seg\u00fan terminaci\u00f3n DNI. La actividad se desarrolla en forma conjunta con Polic\u00eda de tr\u00e1nsito municipal, Direcci\u00f3n de Recursos Humanos , \u00c1rea Sanitaria de General Alvear, Hospital Enfermeros Argentinos, Diferentes \u00c1reas del municipio como son \u00c1rea de Seguridad e Higiene, Direcci\u00f3n de Turismo, Gesti\u00f3n ambiental, Defensa Civil, Educaci\u00f3n, Cultura, dependientes de\u00a0\u00a0Secretaria de Gobierno y la Secretaria de Desarrollo econ\u00f3mico del departamento. El prop\u00f3sito de \u00e9stos operativos es reforzar las medidas dispuestas por el Ejecutivo municipal y continuar trabajando para que la comunidad local se sienta cuidada. Hasta la fecha se han desarrollado (Anexo 3 informe Polic\u00eda de tr\u00e1nsito)<\/li>\n<\/ol>\n<ul>\n<li>Total Veh\u00edculos controlados en la V\u00eda p\u00fablica por polic\u00eda de tr\u00e1nsito:\u00a0<strong>7.398<\/strong><\/li>\n<li>Total de personas controladas en la v\u00eda p\u00fablica por polic\u00eda de tr\u00e1nsito:\u00a0<strong>7.797<\/strong><\/li>\n<li>Total Controles temperatura en la v\u00eda p\u00fablica\u00a0\u00a0en controles itinerantes: <strong>989<\/strong>\u00a0personas<\/li>\n<li>Controles en Hoteles, caba\u00f1as:\u00a0<strong>80<\/strong> personas.<\/li>\n<\/ul>\n<ol>\n<li>Con el prop\u00f3sito de obtener informaci\u00f3n precisa respecto al\u00a0\u00a0comportamiento de la poblaci\u00f3n sobre las medidas dispuestas para la apertura de los comercios de a General Alvear, diferentes \u00c1reas del municipio, en especial Inspecci\u00f3n General, implementaron una campa\u00f1a denominada: Preventores locales de salud, donde mayoritariamente personal de Deportes, como as\u00ed tambi\u00e9n otras \u00e1reas del municipio, visitaron\u00a0<strong>507\u00a0<\/strong>comercios de la zona urbana y distritos, verificando el cumplimiento de las medidas dispuestas. La base de datos fue \u00fatil para conocer aquellos puntos que deb\u00edan reforzarse y continuar avanzando en cuanto a la posibilidad de liberar otras actividades a nivel local. En el gr\u00e1fico se encuentran expresados el nivel de cumplimiento. (ANEXO 4)<\/li>\n<li>Se realizan testeos de COVID-19 a personal de transporte con domicilio legal en el departamento o en su defecto, las empresas\u00a0\u00a0a la que pertenecen son radicadas en\u00a0\u00a0el departamento. El trabajo se realiza en forma coordinada con el Hospital Enfermeros Argentinos , el \u00c1rea Sanitaria de General Alvear y diferentes \u00e1reas del municipio como Seguridad e Higiene, Policia de tr\u00e1nsito y Municipio Saludable. Al momento se han realizado <strong>326<\/strong>\u00a0test.<\/li>\n<\/ol>\n<p>Dicha actividad es una medida m\u00e1s de prevenci\u00f3n que se suma a las anteriormente desarrolladas que permite un diagn\u00f3stico precoz frente a posibles casos de Covid-19 Las acciones desarrolladas en el marco de Covid- 19, siguieron una misma l\u00f3gica de organizaci\u00f3n para\u00a0\u00a0las actividades planificadas\u00a0\u00a0donde en primer lugar, se plantea la necesidad de desarrollar la actividad, posteriormente se elabora un diagrama de proceso y temporalizaci\u00f3n de los mismos, mediante un trabajo colaborativo con la Direcci\u00f3n de Recursos Humanos, se convoca a personal del municipio\u00a0\u00a0, se capacita sobre las acciones a desarrollar , se provee las medidas de protecci\u00f3n necesaria (\u00c1rea de Seguridad e Higiene),se confeccion\u00f3 la herramienta tecnol\u00f3gica a utilizar para nutrir la base de datos\u00a0\u00a0y posteriormente, se procesa la informaci\u00f3n, mediante la confecci\u00f3n de gr\u00e1ficos, para una mejor comprensi\u00f3n de los datos.<\/p>\n<h5><em>\u2022F.B. (F.M. Vi\u00f1as).<\/em><\/h5>\n","protected":false},"excerpt":{"rendered":"<p>El Municipio de General Alvear, en su car\u00e1cter de Autoridad Local asumiendo el compromiso de apoyar y hacer cumplir en el &#8230;<\/p>\n","protected":false},"author":8,"featured_media":71792,"comment_status":"open","ping_status":"open","sticky":false,"template":"","format":"standard","meta":{"footnotes":""},"categories":[5,62],"tags":[],"class_list":["post-71791","post","type-post","status-publish","format-standard","has-post-thumbnail","hentry","category-actualidad","category-coronavirus"],"_links":{"self":[{"href":"https:\/\/vinasfm.com\/noticias\/wp-json\/wp\/v2\/posts\/71791","targetHints":{"allow":["GET"]}}],"collection":[{"href":"https:\/\/vinasfm.com\/noticias\/wp-json\/wp\/v2\/posts"}],"about":[{"href":"https:\/\/vinasfm.com\/noticias\/wp-json\/wp\/v2\/types\/post"}],"author":[{"embeddable":true,"href":"https:\/\/vinasfm.com\/noticias\/wp-json\/wp\/v2\/users\/8"}],"replies":[{"embeddable":true,"href":"https:\/\/vinasfm.com\/noticias\/wp-json\/wp\/v2\/comments?post=71791"}],"version-history":[{"count":1,"href":"https:\/\/vinasfm.com\/noticias\/wp-json\/wp\/v2\/posts\/71791\/revisions"}],"predecessor-version":[{"id":71793,"href":"https:\/\/vinasfm.com\/noticias\/wp-json\/wp\/v2\/posts\/71791\/revisions\/71793"}],"wp:featuredmedia":[{"embeddable":true,"href":"https:\/\/vinasfm.com\/noticias\/wp-json\/wp\/v2\/media\/71792"}],"wp:attachment":[{"href":"https:\/\/vinasfm.com\/noticias\/wp-json\/wp\/v2\/media?parent=71791"}],"wp:term":[{"taxonomy":"category","embeddable":true,"href":"https:\/\/vinasfm.com\/noticias\/wp-json\/wp\/v2\/categories?post=71791"},{"taxonomy":"post_tag","embeddable":true,"href":"https:\/\/vinasfm.com\/noticias\/wp-json\/wp\/v2\/tags?post=71791"}],"curies":[{"name":"wp","href":"https:\/\/api.w.org\/{rel}","templated":true}]}}