{"id":71788,"date":"2020-06-24T21:41:05","date_gmt":"2020-06-25T00:41:05","guid":{"rendered":"http:\/\/vinasfm.com\/noticias\/?p=71788"},"modified":"2020-06-25T02:07:58","modified_gmt":"2020-06-25T05:07:58","slug":"argentina-confirmo-2-635-nuevos-casos-de-covid-19","status":"publish","type":"post","link":"https:\/\/vinasfm.com\/noticias\/argentina-confirmo-2-635-nuevos-casos-de-covid-19\/","title":{"rendered":"ARGENTINA CONFIRM\u00d3 2.635 NUEVOS CASOS DE COVID-19"},"content":{"rendered":"<h4><strong>Este mi\u00e9rcoles por la noche, el\u00a0Ministerio de Salud\u00a0confirm\u00f3\u00a02.635\u00a0nuevos casos\u00a0de\u00a0coronavirus\u00a0en\u00a0Argentina. Con esta cifra, el total de infectados lleg\u00f3 a\u00a049.851\u00a0siendo un nuevo r\u00e9cord de contagios y muertos en 24 horas.<\/strong><\/h4>\n<p>Del total de los casos\u00a01.060 (2,1%) son importados, 18.460 (37% por haber estado en contacto estrecho con un positivo de COVID-19,\u00a020.816 (41,8%) por transmisi\u00f3n comunitaria mientras que el resto se encuentra en investigaci\u00f3n para determinar el nexo epidemiol\u00f3gico.<\/p>\n<p>A su vez,\u00a0<strong>la cartera sanitaria confirm\u00f3 31 nuevas muertes por la enfermedad<\/strong>. Se trata de\u00a016 hombres, diez de 61, 89, 72, 73, 63, 73, 79, 77, 53 y 84, residentes en la provincia de Buenos Aires; tres de 84, 65 y 38 a\u00f1os, residentes en la Ciudad de Buenos Aires (CABA); uno de 79 a\u00f1os, residente en la provincia de Tierra del Fuego; dos de 65 y 83 a\u00f1os, residentes en la provincia de R\u00edo Negro; y 14 mujeres, residentes en la provincia de Buenos Aires; siete de 65, 69, 96, 47, 95, 91 y 95 a\u00f1os, residentes en la Ciudad de Buenos Aires (CABA); y una de 90 a\u00f1os, residente en la provincia de C\u00f3rdoba. En la lista se encontr\u00f3 el dato de un fallecido, de 86 a\u00f1os de edad, residente en la Ciudad de Buenos Aires (CABA) no registra dato de sexo.<\/p>\n<p>As\u00ed,\u00a0<strong>el n\u00famero total de fallecidos en el pa\u00eds se elev\u00f3 a 1.116.<\/strong><\/p>\n<p>&#x27a1;&#xfe0f;<strong>Porcentaje ocupaci\u00f3n total de camas UTI adulto<\/strong>:<br \/>\n&#8211;<strong>Naci\u00f3n: 45%<\/strong><br \/>\n<strong>-AMBA: 52%<\/strong><br \/>\n(Informaci\u00f3n reportada por las jurisdicciones)<\/p>\n<h5><em>\u2022F.B. (F.M. Vi\u00f1as).<\/em><\/h5>\n","protected":false},"excerpt":{"rendered":"<p>Este mi\u00e9rcoles por la noche, el\u00a0Ministerio de Salud\u00a0confirm\u00f3\u00a02.635\u00a0nuevos casos\u00a0de\u00a0coronavirus\u00a0en\u00a0Argentina. Con esta cifra, el total de infectados lleg\u00f3 a\u00a049.851\u00a0siendo un nuevo r\u00e9cord &#8230;<\/p>\n","protected":false},"author":8,"featured_media":69222,"comment_status":"open","ping_status":"open","sticky":false,"template":"","format":"standard","meta":{"footnotes":""},"categories":[5,4],"tags":[],"class_list":["post-71788","post","type-post","status-publish","format-standard","has-post-thumbnail","hentry","category-actualidad","category-policiales"],"_links":{"self":[{"href":"https:\/\/vinasfm.com\/noticias\/wp-json\/wp\/v2\/posts\/71788","targetHints":{"allow":["GET"]}}],"collection":[{"href":"https:\/\/vinasfm.com\/noticias\/wp-json\/wp\/v2\/posts"}],"about":[{"href":"https:\/\/vinasfm.com\/noticias\/wp-json\/wp\/v2\/types\/post"}],"author":[{"embeddable":true,"href":"https:\/\/vinasfm.com\/noticias\/wp-json\/wp\/v2\/users\/8"}],"replies":[{"embeddable":true,"href":"https:\/\/vinasfm.com\/noticias\/wp-json\/wp\/v2\/comments?post=71788"}],"version-history":[{"count":1,"href":"https:\/\/vinasfm.com\/noticias\/wp-json\/wp\/v2\/posts\/71788\/revisions"}],"predecessor-version":[{"id":71789,"href":"https:\/\/vinasfm.com\/noticias\/wp-json\/wp\/v2\/posts\/71788\/revisions\/71789"}],"wp:featuredmedia":[{"embeddable":true,"href":"https:\/\/vinasfm.com\/noticias\/wp-json\/wp\/v2\/media\/69222"}],"wp:attachment":[{"href":"https:\/\/vinasfm.com\/noticias\/wp-json\/wp\/v2\/media?parent=71788"}],"wp:term":[{"taxonomy":"category","embeddable":true,"href":"https:\/\/vinasfm.com\/noticias\/wp-json\/wp\/v2\/categories?post=71788"},{"taxonomy":"post_tag","embeddable":true,"href":"https:\/\/vinasfm.com\/noticias\/wp-json\/wp\/v2\/tags?post=71788"}],"curies":[{"name":"wp","href":"https:\/\/api.w.org\/{rel}","templated":true}]}}