{"id":71766,"date":"2020-06-25T07:50:30","date_gmt":"2020-06-25T10:50:30","guid":{"rendered":"http:\/\/vinasfm.com\/noticias\/?p=71766"},"modified":"2020-06-26T08:13:19","modified_gmt":"2020-06-26T11:13:19","slug":"mendoza-unida-por-portezuelo-el-lema-del-caravanazo-que-convocara-a-miles-este-jueves-en-defensa-de-la-obra","status":"publish","type":"post","link":"https:\/\/vinasfm.com\/noticias\/mendoza-unida-por-portezuelo-el-lema-del-caravanazo-que-convocara-a-miles-este-jueves-en-defensa-de-la-obra\/","title":{"rendered":"\u00a1MENDOZA UNIDA POR PORTEZUELO!, EL LEMA DEL CARAVANAZO QUE CONVOCAR\u00c1 A MILES ESTE JUEVES EN DEFENSA DE LA OBRA"},"content":{"rendered":"<h4><strong>La convocatoria es para las 19h de este jueves 25 de junio bajo la consigna \u00ab<em>Mendoza Unida por Portezuelo<\/em>\u00bb que refleja la defensa de los mendocinos respecto a Portezuelo del Viento, obra que ha sido puesta en duda por el gobierno nacional.<\/strong><\/h4>\n<p>El <em>caravanazo<\/em> <strong>se realizar\u00e1 en simultaneo en diferentes departamentos de la provincia<\/strong>, que realizaron la invitaci\u00f3n a todos los vecinos para que en sus veh\u00edculos se sumen a esta <em>cruzada<\/em>, previo a la <strong>reuni\u00f3n del COIRCO de este viernes<\/strong> en la que el <strong>gobernador Rodolfo Su\u00e1rez representar\u00e1 los justos intereses de nuestra provincia en torno a la mega obra<\/strong>.<\/p>\n<p>En nuestro departamento, el punto de concentraci\u00f3n ser\u00e1 <strong>frente al Monumento al Agua sobre Ruta 188, <\/strong>desde donde la caravana se dirigir\u00e1 hacia el oeste por el centro hasta llegar a la <strong>Plaza Departamental \u00abCarlos Mar\u00eda de Alvear\u00bb.<\/strong><\/p>\n<p>Se solicita que <strong>por veh\u00edculo no vayan m\u00e1s de dos personas<\/strong>, <strong>respetando las medidas de prevenci\u00f3n<\/strong>, <strong>engalanen las movilidades con banderas argentinas<\/strong> y <strong>carteles con leyendas de apoyo a Portezuelo del Viento<\/strong>.<\/p>\n<p>Varias son las entidades que apoyan este gesto, entre las cuales se destaca la del <strong>Partido Dem\u00f3crata<\/strong>: \u00ab<strong><em>Tanto a nivel local como provincial apoyamos la realizaci\u00f3n de la obra Portezuelo del Viento por los beneficios econ\u00f3micos y laborales que traer\u00e1 aparejada para Mendoza y el pa\u00eds, entendiendo que significar\u00e1 mayor progreso<\/em><\/strong>\u00ab, sostuvo la <strong>presidente del PD local<\/strong>, <strong>Andrea P\u00e9rez Bernal<\/strong>.<\/p>\n<p>\u00ab<em><strong>Acompa\u00f1amos totalmente al gobernador Rodolfo Su\u00e1rez en su defensa de la obra que es en si la postura de nuestra provincia. Esta obra no puede dejar de hacerse por caprichos pol\u00edticos que obedecen a desordenes por parte del gobierno nacional<\/strong><\/em>\u00ab, subray\u00f3 <strong>P\u00e9rez Bernal<\/strong> quien en la misma l\u00ednea recomend\u00f3 extremar las precauciones pidiendo<strong><em> \u00aba quienes participen que no dejen de cuidar las medidas sanitarias y cumplir con lo establecido, que no se bajen para evitar aglomeraci\u00f3n de gente y no se quiten los barbijos<\/em><\/strong>\u00ab.<\/p>\n<p>\u00ab<strong><em>Invitamos a todos los vecinos a la caravana que realizaremos en apoyo a Portezuelo, proyecto que lleva muchos a\u00f1os de trabajo y de espera. Sabemos que su realizaci\u00f3n traer\u00eda muchos beneficios a la provincia por eso acompa\u00f1amos con esta acci\u00f3n al gobernador en su presentaci\u00f3n ante el COIRCO del viernes<\/em><\/strong>\u00ab, destac\u00f3 el <strong>Secretario de Gobierno Jos\u00e9 Vilches<\/strong> en conferencia de prensa.<\/p>\n<h5><em>F.B. (F.M. Vi\u00f1as)<\/em>.<\/h5>\n","protected":false},"excerpt":{"rendered":"<p>La convocatoria es para las 19h de este jueves 25 de junio bajo la consigna \u00abMendoza Unida por Portezuelo\u00bb que refleja &#8230;<\/p>\n","protected":false},"author":8,"featured_media":71767,"comment_status":"open","ping_status":"open","sticky":false,"template":"","format":"standard","meta":{"footnotes":""},"categories":[1],"tags":[],"class_list":["post-71766","post","type-post","status-publish","format-standard","has-post-thumbnail","hentry","category-fmvinas"],"_links":{"self":[{"href":"https:\/\/vinasfm.com\/noticias\/wp-json\/wp\/v2\/posts\/71766","targetHints":{"allow":["GET"]}}],"collection":[{"href":"https:\/\/vinasfm.com\/noticias\/wp-json\/wp\/v2\/posts"}],"about":[{"href":"https:\/\/vinasfm.com\/noticias\/wp-json\/wp\/v2\/types\/post"}],"author":[{"embeddable":true,"href":"https:\/\/vinasfm.com\/noticias\/wp-json\/wp\/v2\/users\/8"}],"replies":[{"embeddable":true,"href":"https:\/\/vinasfm.com\/noticias\/wp-json\/wp\/v2\/comments?post=71766"}],"version-history":[{"count":2,"href":"https:\/\/vinasfm.com\/noticias\/wp-json\/wp\/v2\/posts\/71766\/revisions"}],"predecessor-version":[{"id":71777,"href":"https:\/\/vinasfm.com\/noticias\/wp-json\/wp\/v2\/posts\/71766\/revisions\/71777"}],"wp:featuredmedia":[{"embeddable":true,"href":"https:\/\/vinasfm.com\/noticias\/wp-json\/wp\/v2\/media\/71767"}],"wp:attachment":[{"href":"https:\/\/vinasfm.com\/noticias\/wp-json\/wp\/v2\/media?parent=71766"}],"wp:term":[{"taxonomy":"category","embeddable":true,"href":"https:\/\/vinasfm.com\/noticias\/wp-json\/wp\/v2\/categories?post=71766"},{"taxonomy":"post_tag","embeddable":true,"href":"https:\/\/vinasfm.com\/noticias\/wp-json\/wp\/v2\/tags?post=71766"}],"curies":[{"name":"wp","href":"https:\/\/api.w.org\/{rel}","templated":true}]}}