{"id":71751,"date":"2020-06-24T11:45:14","date_gmt":"2020-06-24T14:45:14","guid":{"rendered":"http:\/\/vinasfm.com\/noticias\/?p=71751"},"modified":"2020-06-25T02:08:53","modified_gmt":"2020-06-25T05:08:53","slug":"el-bloque-pj-pidio-mayor-coordinacion-entre-los-intendentes-del-sur-mendocino-para-combatir-el-covid-19","status":"publish","type":"post","link":"https:\/\/vinasfm.com\/noticias\/el-bloque-pj-pidio-mayor-coordinacion-entre-los-intendentes-del-sur-mendocino-para-combatir-el-covid-19\/","title":{"rendered":"EL BLOQUE PJ PIDI\u00d3 MAYOR COORDINACI\u00d3N ENTRE LOS INTENDENTES DEL SUR MENDOCINO PARA COMBATIR EL COVID-19"},"content":{"rendered":"<h4><strong>En el Sal\u00f3n San Mart\u00edn del HCD, los concejales que conforman el Bloque Frente de Todos brindaron una conferencia de prensa en la que expusieron su reclamo en torno a los controles de Covid-19 y piden mayores medidas para \u201c<em>resguardar a la comunidad<\/em>\u201d.<\/strong><\/h4>\n<p>En la ma\u00f1ana de este martes, el justicialismo present\u00f3 un proyecto de resoluci\u00f3n solicitando al <strong>Intendente Walther Marcolini<\/strong> mayor coordinaci\u00f3n con los otros jefes comunales del sur mendocino para seguir controlando a quienes ingresen a la regi\u00f3n.<\/p>\n<p>El concejal <strong>Ariel Andr\u00e9s<\/strong> se mostr\u00f3 conforme con los resultados ya que en el departamento no se hayan registrado casos positivos de Coronavirus pero, a modo de balance, expres\u00f3: \u201c<strong><em>este d\u00eda del padre ingres\u00f3 mucha gente que residen en Mendoza y no se les hizo ning\u00fan control<\/em><\/strong>\u201d.<\/p>\n<p>Tomando como base la declaraci\u00f3n de la <strong>Dra. Vila<\/strong> en la que sostiene que <strong><em>hay circulaci\u00f3n viral en la provincia<\/em><\/strong>, agreg\u00f3: \u201c<strong><em>nos preocupa<\/em><\/strong><em> y <strong>queremos que se cuide el turismo interno mendocino como as\u00ed tambi\u00e9n la venida de coterr\u00e1neos alvearenses en otros puntos de la provincia con el fin de resguardarnos todos<\/strong><\/em>\u201d.<\/p>\n<p>Respecto a la <strong>adhesi\u00f3n de comercios locales a las nuevas disposiciones gubernamentales<\/strong> para mitigar la propagaci\u00f3n del Covid-19, <strong>Andr\u00e9s<\/strong> evalu\u00f3: \u201c<strong><em>nos han contado muchos vecinos que hay comercios donde no se respeta la atenci\u00f3n por terminaci\u00f3n de DNI, distanciamiento social y uso del barbijo<\/em><\/strong><em>\u201d <\/em>y en la misma l\u00ednea subray\u00f3<em>: \u201csabemos que la cuarenta es larga por eso <strong>pedimos un esfuerzo m\u00e1s en cuanto al respeto de las medidas<\/strong>. <strong>No tenemos que relajarnos<\/strong>\u201d.<\/em><\/p>\n<p>Ante este panorama, en el que la curva de casos en Mendoza se ha incrementado, el edil insisti\u00f3: \u201c<strong><em>Le pedimos al intendente que se junte con los intendentes de San Rafael y Malarg\u00fce para que haya mayor control siguiendo de la misma manera como se viene realizando en nuestro departamento<\/em><\/strong><em>\u201d.<\/em><\/p>\n<p>\u201c<strong><em>La docencia ha dado resultado en Alvear de acuerdo al trabajo del Comit\u00e9 de Emergencia y la Municipalidad pero tenemos que seguir trabajando as\u00ed<\/em><\/strong>\u201d, finaliz\u00f3 celebrando el arduo y efectivo trabajo que viene realizando la comuna desde el comienzo de la pandemia en cuanto a la implementaci\u00f3n de las medidas de prevenci\u00f3n.<\/p>\n<h5><em>F.B. (F.M. Vi\u00f1as).<\/em><\/h5>\n","protected":false},"excerpt":{"rendered":"<p>En el Sal\u00f3n San Mart\u00edn del HCD, los concejales que conforman el Bloque Frente de Todos brindaron una conferencia de prensa &#8230;<\/p>\n","protected":false},"author":8,"featured_media":63036,"comment_status":"open","ping_status":"open","sticky":false,"template":"","format":"standard","meta":{"footnotes":""},"categories":[5,26],"tags":[],"class_list":["post-71751","post","type-post","status-publish","format-standard","has-post-thumbnail","hentry","category-actualidad","category-hcd"],"_links":{"self":[{"href":"https:\/\/vinasfm.com\/noticias\/wp-json\/wp\/v2\/posts\/71751","targetHints":{"allow":["GET"]}}],"collection":[{"href":"https:\/\/vinasfm.com\/noticias\/wp-json\/wp\/v2\/posts"}],"about":[{"href":"https:\/\/vinasfm.com\/noticias\/wp-json\/wp\/v2\/types\/post"}],"author":[{"embeddable":true,"href":"https:\/\/vinasfm.com\/noticias\/wp-json\/wp\/v2\/users\/8"}],"replies":[{"embeddable":true,"href":"https:\/\/vinasfm.com\/noticias\/wp-json\/wp\/v2\/comments?post=71751"}],"version-history":[{"count":1,"href":"https:\/\/vinasfm.com\/noticias\/wp-json\/wp\/v2\/posts\/71751\/revisions"}],"predecessor-version":[{"id":71755,"href":"https:\/\/vinasfm.com\/noticias\/wp-json\/wp\/v2\/posts\/71751\/revisions\/71755"}],"wp:featuredmedia":[{"embeddable":true,"href":"https:\/\/vinasfm.com\/noticias\/wp-json\/wp\/v2\/media\/63036"}],"wp:attachment":[{"href":"https:\/\/vinasfm.com\/noticias\/wp-json\/wp\/v2\/media?parent=71751"}],"wp:term":[{"taxonomy":"category","embeddable":true,"href":"https:\/\/vinasfm.com\/noticias\/wp-json\/wp\/v2\/categories?post=71751"},{"taxonomy":"post_tag","embeddable":true,"href":"https:\/\/vinasfm.com\/noticias\/wp-json\/wp\/v2\/tags?post=71751"}],"curies":[{"name":"wp","href":"https:\/\/api.w.org\/{rel}","templated":true}]}}