{"id":71691,"date":"2020-06-23T09:21:42","date_gmt":"2020-06-23T12:21:42","guid":{"rendered":"http:\/\/vinasfm.com\/noticias\/?p=71691"},"modified":"2020-06-24T12:06:58","modified_gmt":"2020-06-24T15:06:58","slug":"cuando-y-como-sera-la-entrega-de-leche-en-centros-de-salud-de-alvear","status":"publish","type":"post","link":"https:\/\/vinasfm.com\/noticias\/cuando-y-como-sera-la-entrega-de-leche-en-centros-de-salud-de-alvear\/","title":{"rendered":"CU\u00c1NDO Y C\u00d3MO SER\u00c1 LA ENTREGA DE LECHE EN CENTROS DE SALUD DE ALVEAR"},"content":{"rendered":"<h4><strong>Desde el \u00c1rea Departamental de Salud detallaron el cronograma y c\u00f3mo ser\u00e1 la entrega de cajas de leche a beneficiarios del programa \u201cMaterno-Infantil\u201d, que este mes incluir\u00e1 la entrega de tres meses juntos.<\/strong><\/h4>\n<p><strong>Juan Jos\u00e9 Castro<\/strong>, a cargo de \u00e1rea, adelant\u00f3 en <strong><em>F.M. Vi\u00f1as<\/em><\/strong> que la entrega \u201c<strong><em>ser\u00e1 a partir de ma\u00f1ana en los diferentes centros de salud del departamento ya que este lunes lleg\u00f3 la partida de cajas de leche para repartir<\/em><\/strong>\u201d.<\/p>\n<p>Al ser consultado sobre qui\u00e9nes son incluidos en el programa provincial, resalt\u00f3 que le corresponde a \u201c<strong><em>embarazadas, pu\u00e9rperas y a los peque\u00f1os hasta 2 a\u00f1os; en caso de presentar bajo peso, se extiende a m\u00e1s edad<\/em><\/strong>\u201d, y profundizando sobre el tr\u00e1mite que deben realizar para acceder al beneficio explic\u00f3: \u201c<strong><em>deben acercarse al centro de salud m\u00e1s cercano presentando los papeles correspondientes y partir del siguiente mes comienza a recibir la leche<\/em><\/strong>\u201d.<\/p>\n<p>Para acudir al Centro a retirar la caja de leche <strong>deber\u00e1n respetar la terminaci\u00f3n del DNI o acreditar a trav\u00e9s de la libreta de salud en caso que no coincida el \u00faltimo n\u00famero con el d\u00eda correspondiente<\/strong>: \u201c<strong><em>Son dos kilos por ni\u00f1o<\/em><\/strong><em> o <strong>si est\u00e1 bajo de peso se entregan tres kilos<\/strong> pero <strong>en este caso<\/strong> especial, por la pandemia, <strong>se entregar\u00e1n tres meses juntos<\/strong><\/em>\u201d, subray\u00f3.<\/p>\n<p>Respecto a los <em>controles sanitarios<\/em>, Castro manifest\u00f3: \u201c<em>la leche es un complemento en el que aprovechamos a hacer los controles y hacer el seguimiento en cuanto a la vacunaci\u00f3n. Estamos habilitando nuevamente los controles a los m\u00e1s chicos<\/em>\u201d.<\/p>\n<h5><em>F.B. (F.M. Vi\u00f1as).<\/em><\/h5>\n","protected":false},"excerpt":{"rendered":"<p>Desde el \u00c1rea Departamental de Salud detallaron el cronograma y c\u00f3mo ser\u00e1 la entrega de cajas de leche a beneficiarios del &#8230;<\/p>\n","protected":false},"author":8,"featured_media":71695,"comment_status":"open","ping_status":"open","sticky":false,"template":"","format":"standard","meta":{"footnotes":""},"categories":[5,15],"tags":[],"class_list":["post-71691","post","type-post","status-publish","format-standard","has-post-thumbnail","hentry","category-actualidad","category-salud"],"_links":{"self":[{"href":"https:\/\/vinasfm.com\/noticias\/wp-json\/wp\/v2\/posts\/71691","targetHints":{"allow":["GET"]}}],"collection":[{"href":"https:\/\/vinasfm.com\/noticias\/wp-json\/wp\/v2\/posts"}],"about":[{"href":"https:\/\/vinasfm.com\/noticias\/wp-json\/wp\/v2\/types\/post"}],"author":[{"embeddable":true,"href":"https:\/\/vinasfm.com\/noticias\/wp-json\/wp\/v2\/users\/8"}],"replies":[{"embeddable":true,"href":"https:\/\/vinasfm.com\/noticias\/wp-json\/wp\/v2\/comments?post=71691"}],"version-history":[{"count":1,"href":"https:\/\/vinasfm.com\/noticias\/wp-json\/wp\/v2\/posts\/71691\/revisions"}],"predecessor-version":[{"id":71696,"href":"https:\/\/vinasfm.com\/noticias\/wp-json\/wp\/v2\/posts\/71691\/revisions\/71696"}],"wp:featuredmedia":[{"embeddable":true,"href":"https:\/\/vinasfm.com\/noticias\/wp-json\/wp\/v2\/media\/71695"}],"wp:attachment":[{"href":"https:\/\/vinasfm.com\/noticias\/wp-json\/wp\/v2\/media?parent=71691"}],"wp:term":[{"taxonomy":"category","embeddable":true,"href":"https:\/\/vinasfm.com\/noticias\/wp-json\/wp\/v2\/categories?post=71691"},{"taxonomy":"post_tag","embeddable":true,"href":"https:\/\/vinasfm.com\/noticias\/wp-json\/wp\/v2\/tags?post=71691"}],"curies":[{"name":"wp","href":"https:\/\/api.w.org\/{rel}","templated":true}]}}