{"id":71685,"date":"2020-06-23T06:58:50","date_gmt":"2020-06-23T09:58:50","guid":{"rendered":"http:\/\/vinasfm.com\/noticias\/?p=71685"},"modified":"2020-06-24T07:52:23","modified_gmt":"2020-06-24T10:52:23","slug":"arduo-trabajo-de-bomberos-voluntarios-en-la-extincion-de-un-incendio-de-malezas-en-real-del-padre","status":"publish","type":"post","link":"https:\/\/vinasfm.com\/noticias\/arduo-trabajo-de-bomberos-voluntarios-en-la-extincion-de-un-incendio-de-malezas-en-real-del-padre\/","title":{"rendered":"ARDUO TRABAJO DE BOMBEROS VOLUNTARIOS EN LA EXTINCI\u00d3N DE UN INCENDIO DE MALEZAS EN REAL DEL PADRE"},"content":{"rendered":"<p><strong>Bomberos Voluntarios de Villa Atuel-Real del Padre debieron trabajar arduamente en la tarde de este lunes en la extinci\u00f3n de un incendio de malezas desatado a la vera de Ruta Vieja 143.<\/strong><\/p>\n<p>Seg\u00fan informaron desde el cuartel de Bomberos, a las <strong>20:55h de ayer<\/strong>, un llamado al numero de guardia alert\u00f3 sobre la <strong>quema de hojas que afect\u00f3 una trinchera de \u00e1lamos de unos 100 metros a la vera de Ruta 143<\/strong>, zona de <strong>El Plumerillo<\/strong> (Real del Padre).<\/p>\n<p><strong>Una dotaci\u00f3n equipada con materiales de extinci\u00f3n logr\u00f3 sofocar las llamas y controlar la situaci\u00f3n<\/strong>.<\/p>\n<p>Desde el destacamento solicitan <strong><em>colaboraci\u00f3n y recuerdan que est\u00e1 prohibido la limpieza de terrenos haciendo uso del fuego, adem\u00e1s de estar penado por la legislaci\u00f3n vigente<\/em><\/strong>.<\/p>\n<h5><em>F.B. (F.M. Vi\u00f1as).<\/em><\/h5>\n","protected":false},"excerpt":{"rendered":"<p>Bomberos Voluntarios de Villa Atuel-Real del Padre debieron trabajar arduamente en la tarde de este lunes en la extinci\u00f3n de un &#8230;<\/p>\n","protected":false},"author":8,"featured_media":71686,"comment_status":"open","ping_status":"open","sticky":false,"template":"","format":"standard","meta":{"footnotes":""},"categories":[5,76],"tags":[],"class_list":["post-71685","post","type-post","status-publish","format-standard","has-post-thumbnail","hentry","category-actualidad","category-bomberos"],"_links":{"self":[{"href":"https:\/\/vinasfm.com\/noticias\/wp-json\/wp\/v2\/posts\/71685","targetHints":{"allow":["GET"]}}],"collection":[{"href":"https:\/\/vinasfm.com\/noticias\/wp-json\/wp\/v2\/posts"}],"about":[{"href":"https:\/\/vinasfm.com\/noticias\/wp-json\/wp\/v2\/types\/post"}],"author":[{"embeddable":true,"href":"https:\/\/vinasfm.com\/noticias\/wp-json\/wp\/v2\/users\/8"}],"replies":[{"embeddable":true,"href":"https:\/\/vinasfm.com\/noticias\/wp-json\/wp\/v2\/comments?post=71685"}],"version-history":[{"count":1,"href":"https:\/\/vinasfm.com\/noticias\/wp-json\/wp\/v2\/posts\/71685\/revisions"}],"predecessor-version":[{"id":71687,"href":"https:\/\/vinasfm.com\/noticias\/wp-json\/wp\/v2\/posts\/71685\/revisions\/71687"}],"wp:featuredmedia":[{"embeddable":true,"href":"https:\/\/vinasfm.com\/noticias\/wp-json\/wp\/v2\/media\/71686"}],"wp:attachment":[{"href":"https:\/\/vinasfm.com\/noticias\/wp-json\/wp\/v2\/media?parent=71685"}],"wp:term":[{"taxonomy":"category","embeddable":true,"href":"https:\/\/vinasfm.com\/noticias\/wp-json\/wp\/v2\/categories?post=71685"},{"taxonomy":"post_tag","embeddable":true,"href":"https:\/\/vinasfm.com\/noticias\/wp-json\/wp\/v2\/tags?post=71685"}],"curies":[{"name":"wp","href":"https:\/\/api.w.org\/{rel}","templated":true}]}}