{"id":71682,"date":"2020-06-23T03:43:44","date_gmt":"2020-06-23T06:43:44","guid":{"rendered":"http:\/\/vinasfm.com\/noticias\/?p=71682"},"modified":"2020-06-24T07:51:23","modified_gmt":"2020-06-24T10:51:23","slug":"violento-impacto-entre-una-moto-y-un-vehiculo-en-el-b-cec","status":"publish","type":"post","link":"https:\/\/vinasfm.com\/noticias\/violento-impacto-entre-una-moto-y-un-vehiculo-en-el-b-cec\/","title":{"rendered":"VIOLENTO IMPACTO ENTRE UNA MOTO Y UN VEH\u00cdCULO EN EL B\u00b0 CEC"},"content":{"rendered":"<h4><strong>El conductor de una Honda 600 cc sufri\u00f3 varios golpes luego de participar de un accidente de tr\u00e1nsito en horas de la tarde de este lunes en el B\u00b0 Centro Empleados de Comercio.<\/strong><\/h4>\n<p>Todo sucedi\u00f3 cerca de las <strong>16:15h de ayer<\/strong>, cuando por <strong>calle Luis Agote<\/strong> circulaba hacia el oeste un <strong>Chevrolet<\/strong> <strong>Classic<\/strong>, conducido por un hombre de apellido <em>Lucero<\/em>.\u00a0 <strong>Al llegar a la intersecci\u00f3n con Alem Norte fue impactado por el rodado menor que giraba hacia el este por Luis Agote<\/strong>.<\/p>\n<p><strong>El conductor de la Honda 600cc<\/strong> se llev\u00f3 la peor parte ya que <strong>termin\u00f3 cayendo pesadamente sobre el pavimento<\/strong>, raz\u00f3n por la que fue trasladado al Hospital Regional para su asistencia. A posterior <strong>se retir\u00f3 de alta<\/strong>.<\/p>\n<p>En el escenario del hecho trabaj\u00f3 personal de Polic\u00eda Vial y Cient\u00edfica realizando las tareas de rigor. La <strong>Unidad Fiscal de Comisar\u00eda 14\u00b0<\/strong> instruye la causa en averiguaci\u00f3n de los hechos.<\/p>\n<h5><em>F.B. (F.M. Vi\u00f1as).<\/em><\/h5>\n","protected":false},"excerpt":{"rendered":"<p>El conductor de una Honda 600 cc sufri\u00f3 varios golpes luego de participar de un accidente de tr\u00e1nsito en horas de &#8230;<\/p>\n","protected":false},"author":8,"featured_media":66502,"comment_status":"open","ping_status":"open","sticky":false,"template":"","format":"standard","meta":{"footnotes":""},"categories":[5,4],"tags":[],"class_list":["post-71682","post","type-post","status-publish","format-standard","has-post-thumbnail","hentry","category-actualidad","category-policiales"],"_links":{"self":[{"href":"https:\/\/vinasfm.com\/noticias\/wp-json\/wp\/v2\/posts\/71682","targetHints":{"allow":["GET"]}}],"collection":[{"href":"https:\/\/vinasfm.com\/noticias\/wp-json\/wp\/v2\/posts"}],"about":[{"href":"https:\/\/vinasfm.com\/noticias\/wp-json\/wp\/v2\/types\/post"}],"author":[{"embeddable":true,"href":"https:\/\/vinasfm.com\/noticias\/wp-json\/wp\/v2\/users\/8"}],"replies":[{"embeddable":true,"href":"https:\/\/vinasfm.com\/noticias\/wp-json\/wp\/v2\/comments?post=71682"}],"version-history":[{"count":1,"href":"https:\/\/vinasfm.com\/noticias\/wp-json\/wp\/v2\/posts\/71682\/revisions"}],"predecessor-version":[{"id":71684,"href":"https:\/\/vinasfm.com\/noticias\/wp-json\/wp\/v2\/posts\/71682\/revisions\/71684"}],"wp:featuredmedia":[{"embeddable":true,"href":"https:\/\/vinasfm.com\/noticias\/wp-json\/wp\/v2\/media\/66502"}],"wp:attachment":[{"href":"https:\/\/vinasfm.com\/noticias\/wp-json\/wp\/v2\/media?parent=71682"}],"wp:term":[{"taxonomy":"category","embeddable":true,"href":"https:\/\/vinasfm.com\/noticias\/wp-json\/wp\/v2\/categories?post=71682"},{"taxonomy":"post_tag","embeddable":true,"href":"https:\/\/vinasfm.com\/noticias\/wp-json\/wp\/v2\/tags?post=71682"}],"curies":[{"name":"wp","href":"https:\/\/api.w.org\/{rel}","templated":true}]}}