{"id":71673,"date":"2020-06-23T09:17:33","date_gmt":"2020-06-23T12:17:33","guid":{"rendered":"http:\/\/vinasfm.com\/noticias\/?p=71673"},"modified":"2020-06-24T07:57:57","modified_gmt":"2020-06-24T10:57:57","slug":"el-gobernador-rodolfo-suarez-le-llevo-la-propuesta-sobre-portezuelo-a-wado-de-pedro","status":"publish","type":"post","link":"https:\/\/vinasfm.com\/noticias\/el-gobernador-rodolfo-suarez-le-llevo-la-propuesta-sobre-portezuelo-a-wado-de-pedro\/","title":{"rendered":"EL GOBERNADOR RODOLFO SU\u00c1REZ LE LLEV\u00d3 LA PROPUESTA SOBRE PORTEZUELO A &#8216;WADO&#8217; DE PEDRO"},"content":{"rendered":"<h4><strong>El gobernador de\u00a0Mendoza,\u00a0Rodolfo Suarez, viaj\u00f3 este lunes a\u00a0Buenos Aires, donde fue recibido por el ministro del Interior,\u00a0Eduardo \u00abWado\u00bb de Pedro, a quien le llev\u00f3 la propuesta que presentar\u00e1\u00a0Mendoza\u00a0sobre la obra de\u00a0Portezuelo del Viento\u00a0en la reuni\u00f3n del\u00a0Coirco.<\/strong><\/h4>\n<p><strong>Suarez<\/strong>\u00a0le present\u00f3 una\u00a0<strong>propuesta para garantizar que el manejo del agua de Portezuelo del Viento<\/strong>, ya estipulado por el COIRCO en cuanto al primer llenado y al manejo de agua posterior, pueda ser auditado y controlado por las provincias integrantes de la cuenca. Adem\u00e1s, la propuesta incluye la constituci\u00f3n de un fondo de garant\u00eda, para el caso de que Mendoza se aparte de dichas normas de manejo del agua.<\/p>\n<p><strong>El documento presentado detalla que: \u201c<em>en caso de ser requerido por el resto de las provincias, Mendoza se compromete a ratificar la ampliaci\u00f3n de facultades del COIRCO como autoridad de aplicaci\u00f3n de las normas de manejo de agua y primer llenado<\/em>\u201d.<\/strong><\/p>\n<p>El escrito ratifica que \u201c<em>las normas de llenado y operaci\u00f3n del embalse se encuentran acordadas y aprobadas por la autoridad de cuenca, que en este caso es el COIRCO, quedando bajo esta normativa el manejo del agua del Embalse Portezuelo del Viento<\/em>\u201d.<\/p>\n<p>El Gobernador explic\u00f3 que \u201c<em>la obra ha cumplido todos los pasos. Ya se hizo el estudio ambiental sobre toda la cuenca. Tanto el estudio integral que hicieron universidades de La Plata y del Litoral como el de la Universidad Nacional de Cuyo fueron votados favorablemente en el seno del Consejo Ejecutivo del COIRCO<\/em>\u201d.<\/p>\n<p>\u201c<strong><em>Como resultado surgen los beneficios de la regulaci\u00f3n del agua en la cuenca en relaci\u00f3n a su calidad y cantidad. Por este motivo habr\u00e1 m\u00e1s y mejor agua disponible durante el a\u00f1o, que potenciar\u00e1 el desarrollo de toda la cuenca del R\u00edo Colorado. Adem\u00e1s, las normas de llenado y operaci\u00f3n del embalse se encuentran acordadas y aprobadas por la autoridad de cuenca, que en este caso es el COIRCO, quedando bajo esta normativa el manejo del agua del Embalse Portezuelo del Viento<\/em><\/strong>\u201d complet\u00f3 el mandatario.<\/p>\n<p>En el documento se indica que \u201c<strong><em>Mendoza est\u00e1 aportando a la Naci\u00f3n uno de los proyectos acordados en el programa \u00fanico de la cuenca del Colorado y financiado con dinero propio<\/em><\/strong>\u201d.<\/p>\n<p><a href=\"http:\/\/vinasfm.com\/noticias\/wp-content\/uploads\/2020\/06\/tw-suarez.png\"><img loading=\"lazy\" decoding=\"async\" class=\" wp-image-71678 aligncenter\" src=\"http:\/\/vinasfm.com\/noticias\/wp-content\/uploads\/2020\/06\/tw-suarez-300x111.png\" alt=\"\" width=\"576\" height=\"213\" srcset=\"https:\/\/vinasfm.com\/noticias\/wp-content\/uploads\/2020\/06\/tw-suarez-300x111.png 300w, https:\/\/vinasfm.com\/noticias\/wp-content\/uploads\/2020\/06\/tw-suarez.png 745w\" sizes=\"auto, (max-width: 576px) 100vw, 576px\" \/><\/a><\/p>\n<p><em><strong>Clic\u00a0<a href=\"http:\/\/www.prensa.mendoza.gov.ar\/wp-content\/uploads\/sites\/5\/2020\/06\/Propuesta-de-garanti%CC%81a-por-Portezuelo-1.pdf\" target=\"_blank\" rel=\"noopener noreferrer\">aqu\u00ed<\/a>\u00a0para ver la propuesta completa.<\/strong><\/em><\/p>\n<h4><strong>El Fideicomiso P\u00fablico de Garant\u00eda<\/strong><\/h4>\n<p>El fiduciario ser\u00e1 un comit\u00e9 t\u00e9cnico, integrado por un representante de cada provincia integrante del COIRCO, m\u00e1s uno por el COIRCO y un representante del Gobierno Nacional. Este Comit\u00e9 ser\u00e1 quien determinar\u00e1 el incumplimiento y la sanci\u00f3n.<\/p>\n<p>En caso de no existir sanciones, los intereses del patrimonio inicial ser\u00e1n computados como aportes al desarrollo del plan integral del COIRCO, los que se liquidar\u00e1n anualmente.<\/p>\n<p>El fideicomiso ser\u00e1 por cinco millones de d\u00f3lares o el importe equivalente en energ\u00eda producida por la obra, a partir de que la misma comercialice la energ\u00eda generada. \u201c<strong><em>Proponemos que las sanciones las determinen cada una de las provincias, y que se cobren autom\u00e1ticamente<\/em><\/strong>\u201d, agreg\u00f3 Suarez.<\/p>\n<p>La suma ser\u00e1 integrada por la provincia en su calidad de fiduciante, en forma previa al inicio de la ejecuci\u00f3n del contrato. Deber\u00e1 afectarse \u00fanica y exclusivamente al cumplimiento de las obligaciones asumidas y a las sanciones que se determinen como consecuencia de posibles incumplimientos.<\/p>\n<h4><strong>Otros beneficios de Portezuelo para toda la Cuenca<\/strong><\/h4>\n<p>El embalse permitir\u00e1 recuperar la relaci\u00f3n entre la superficie irrigada y la reserva de agua. Los estrictos estudios realizados concluyen que la cuenca debe tener una capacidad de embalse de 10.000 Hm3 para aprovechar su potencial. Hoy s\u00f3lo cuenta con 3.500 Hm3 en Casa de Piedra. Portezuelo aportar\u00e1 2.000 Hm3 m\u00e1s, y a\u00fan faltar\u00e1n 4.500 Hm3 de embalse.<\/p>\n<p>Como resultado de la regulaci\u00f3n se obtendr\u00e1n mejores niveles de salinidad en la calidad del agua.<\/p>\n<p>Las provincias de Neuqu\u00e9n, R\u00edo Negro, Buenos Aires y La Pampa, en el marco del Comit\u00e9 Interjurisdiccional del R\u00edo Colorado, podr\u00e1n ver incrementadas sus hect\u00e1reas de riego. Actualmente, Buenos Aires puede regar 70.000 hect\u00e1reas con un caudal en \u00f3ptimas condiciones, mientras que con la presa de Portezuelo ese n\u00famero se duplicar\u00eda: permitir\u00eda un permiso de riego para 140.000 hect\u00e1reas de cultivo y hasta se podr\u00eda llegar a 200.000, lo que casi equivale a la totalidad de hect\u00e1reas que hoy se riegan en la provincia de Mendoza.<\/p>\n<p>Portezuelo del Viento, generara\u0301 energ\u00edas limpias, mediante un significativo aporte de energ\u00eda el\u00e9ctrica al Sistema Interconectado Nacional de 210 MW para abastecer a m\u00e1s de 130.000 hogares en un contexto de d\u00e9ficit energ\u00e9tico a nivel regional y nacional.<\/p>\n<p>Adem\u00e1s, contribuir\u00e1 de manera significativa a la mitigaci\u00f3n de los efectos del cambio clim\u00e1tico en toda la regi\u00f3n, ya que generara\u0301 energ\u00eda renovable, reemplazando hidrocarburos de la matriz energ\u00e9tica nacional, con 0 (cero) emisi\u00f3n de gases de efecto invernadero y contaminaci\u00f3n nula del agua. Se calculan unas 450.000 Tn CO2 \/ an\u0303o de emisiones evitadas.<\/p>\n<h5><em>F.B.<\/em><\/h5>\n","protected":false},"excerpt":{"rendered":"<p>El gobernador de\u00a0Mendoza,\u00a0Rodolfo Suarez, viaj\u00f3 este lunes a\u00a0Buenos Aires, donde fue recibido por el ministro del Interior,\u00a0Eduardo \u00abWado\u00bb de Pedro, a &#8230;<\/p>\n","protected":false},"author":8,"featured_media":71674,"comment_status":"open","ping_status":"open","sticky":false,"template":"","format":"standard","meta":{"footnotes":""},"categories":[5,61],"tags":[],"class_list":["post-71673","post","type-post","status-publish","format-standard","has-post-thumbnail","hentry","category-actualidad","category-portezuelo-del-viento"],"_links":{"self":[{"href":"https:\/\/vinasfm.com\/noticias\/wp-json\/wp\/v2\/posts\/71673","targetHints":{"allow":["GET"]}}],"collection":[{"href":"https:\/\/vinasfm.com\/noticias\/wp-json\/wp\/v2\/posts"}],"about":[{"href":"https:\/\/vinasfm.com\/noticias\/wp-json\/wp\/v2\/types\/post"}],"author":[{"embeddable":true,"href":"https:\/\/vinasfm.com\/noticias\/wp-json\/wp\/v2\/users\/8"}],"replies":[{"embeddable":true,"href":"https:\/\/vinasfm.com\/noticias\/wp-json\/wp\/v2\/comments?post=71673"}],"version-history":[{"count":2,"href":"https:\/\/vinasfm.com\/noticias\/wp-json\/wp\/v2\/posts\/71673\/revisions"}],"predecessor-version":[{"id":71681,"href":"https:\/\/vinasfm.com\/noticias\/wp-json\/wp\/v2\/posts\/71673\/revisions\/71681"}],"wp:featuredmedia":[{"embeddable":true,"href":"https:\/\/vinasfm.com\/noticias\/wp-json\/wp\/v2\/media\/71674"}],"wp:attachment":[{"href":"https:\/\/vinasfm.com\/noticias\/wp-json\/wp\/v2\/media?parent=71673"}],"wp:term":[{"taxonomy":"category","embeddable":true,"href":"https:\/\/vinasfm.com\/noticias\/wp-json\/wp\/v2\/categories?post=71673"},{"taxonomy":"post_tag","embeddable":true,"href":"https:\/\/vinasfm.com\/noticias\/wp-json\/wp\/v2\/tags?post=71673"}],"curies":[{"name":"wp","href":"https:\/\/api.w.org\/{rel}","templated":true}]}}