{"id":71660,"date":"2020-06-23T08:53:02","date_gmt":"2020-06-23T11:53:02","guid":{"rendered":"http:\/\/vinasfm.com\/noticias\/?p=71660"},"modified":"2020-06-24T10:10:52","modified_gmt":"2020-06-24T13:10:52","slug":"sigue-el-frio-y-la-inestabilidad-climatica-en-los-proximos-dias","status":"publish","type":"post","link":"https:\/\/vinasfm.com\/noticias\/sigue-el-frio-y-la-inestabilidad-climatica-en-los-proximos-dias\/","title":{"rendered":"SIGUE EL FR\u00cdO Y LA INESTABILIDAD CLIM\u00c1TICA EN LOS PR\u00d3XIMOS D\u00cdAS"},"content":{"rendered":"<h4><strong>Tal cual se ven\u00eda anunciando desde hace varios d\u00edas durante la madrugada de este martes precipit\u00f3 en gran parte del departamento. La jornada continuar\u00e1 \u201cParcialmente nublada y ventosa con descenso de la temperatura, precipitaciones aisladas, vientos moderados del sudeste. Nevadas en cordillera\u201d, de acuerdo a Contingencias Clim\u00e1ticas de la provincia. La m\u00e1xima llegar\u00eda a los 11\u00baC.<\/strong><\/h4>\n<p>Ma\u00f1ana continuar\u00eda la inestabilidad, el pron\u00f3stico indica \u201cMayormente nublado y fr\u00edo con lluvias y lloviznas, vientos moderados del sudeste. Nevadas en cordillera y en sectores del llano cercanos a la precordillera. \u00a0M\u00e1xima: 8\u00baC M\u00ednima: 3\u00baC\u201d.<\/p>\n<p>El jueves mejorar\u00edan las condiciones clim\u00e1ticas, con cielo parcialmente nublado. Fr\u00edo con ascenso de la temperatura y vientos del noreste. M\u00e1xima: 11\u00baC M\u00ednima: 1\u00baC.<\/p>\n<h5><strong><em>A.C.<\/em><\/strong><\/h5>\n","protected":false},"excerpt":{"rendered":"<p>Tal cual se ven\u00eda anunciando desde hace varios d\u00edas durante la madrugada de este martes precipit\u00f3 en gran parte del departamento. &#8230;<\/p>\n","protected":false},"author":7,"featured_media":55735,"comment_status":"open","ping_status":"open","sticky":false,"template":"","format":"standard","meta":{"footnotes":""},"categories":[1],"tags":[],"class_list":["post-71660","post","type-post","status-publish","format-standard","has-post-thumbnail","hentry","category-fmvinas"],"_links":{"self":[{"href":"https:\/\/vinasfm.com\/noticias\/wp-json\/wp\/v2\/posts\/71660","targetHints":{"allow":["GET"]}}],"collection":[{"href":"https:\/\/vinasfm.com\/noticias\/wp-json\/wp\/v2\/posts"}],"about":[{"href":"https:\/\/vinasfm.com\/noticias\/wp-json\/wp\/v2\/types\/post"}],"author":[{"embeddable":true,"href":"https:\/\/vinasfm.com\/noticias\/wp-json\/wp\/v2\/users\/7"}],"replies":[{"embeddable":true,"href":"https:\/\/vinasfm.com\/noticias\/wp-json\/wp\/v2\/comments?post=71660"}],"version-history":[{"count":1,"href":"https:\/\/vinasfm.com\/noticias\/wp-json\/wp\/v2\/posts\/71660\/revisions"}],"predecessor-version":[{"id":71662,"href":"https:\/\/vinasfm.com\/noticias\/wp-json\/wp\/v2\/posts\/71660\/revisions\/71662"}],"wp:featuredmedia":[{"embeddable":true,"href":"https:\/\/vinasfm.com\/noticias\/wp-json\/wp\/v2\/media\/55735"}],"wp:attachment":[{"href":"https:\/\/vinasfm.com\/noticias\/wp-json\/wp\/v2\/media?parent=71660"}],"wp:term":[{"taxonomy":"category","embeddable":true,"href":"https:\/\/vinasfm.com\/noticias\/wp-json\/wp\/v2\/categories?post=71660"},{"taxonomy":"post_tag","embeddable":true,"href":"https:\/\/vinasfm.com\/noticias\/wp-json\/wp\/v2\/tags?post=71660"}],"curies":[{"name":"wp","href":"https:\/\/api.w.org\/{rel}","templated":true}]}}