{"id":71654,"date":"2020-06-22T22:21:14","date_gmt":"2020-06-23T01:21:14","guid":{"rendered":"http:\/\/vinasfm.com\/noticias\/?p=71654"},"modified":"2020-06-22T22:21:14","modified_gmt":"2020-06-23T01:21:14","slug":"con-los-2-146-nuevos-casos-argentina-contabiliza-cerca-de-45-mil-infectados","status":"publish","type":"post","link":"https:\/\/vinasfm.com\/noticias\/con-los-2-146-nuevos-casos-argentina-contabiliza-cerca-de-45-mil-infectados\/","title":{"rendered":"CON LOS 2.146 NUEVOS CASOS, ARGENTINA CONTABILIZA CERCA DE 45 MIL INFECTADOS"},"content":{"rendered":"<h4><strong>El Ministerio de Salud de la Naci\u00f3n inform\u00f3 este lunes en su reporte diario un\u00a0nuevo r\u00e9cord diario de 2.146 casos positivos\u00a0y otras 32 muertes por coronavirus\u00a0en las \u00faltimas 24 horas en el pa\u00eds.<\/strong><\/h4>\n<p>Con estas cifras, en total Argentina tiene\u00a0<strong>1.043 personas fallecidas y\u00a044.931\u00a0contagiados<\/strong>\u00a0desde el inicio de la pandemia.<\/p>\n<p>Del total de casos confirmados, 1.050 (2,3%) son importados, 16.924 (37,7%) son contactos estrechos de casos confirmados, 18.537 (41,3%) son casos de circulaci\u00f3n comunitaria y el resto se encuentra en investigaci\u00f3n epidemiol\u00f3gica.<\/p>\n<p>En el reporte vespertino la cartera de Salud anunci\u00f3\u00a0<strong>27 v\u00edctimas fatales<\/strong>: 16 hombres, cuatro de 73, 62, 63 y 54, residentes en la provincia de Buenos Aires; nueve de 68, 82, 60, 94, 90, 81, 59, 51 y 62 a\u00f1os, residentes en la Ciudad de Buenos Aires (CABA); dos de 61 y 69 a\u00f1os, residentes en R\u00edo Negro; uno de 69 a\u00f1os, de Neuqu\u00e9n; y once mujeres, dos de 68 y 96 a\u00f1os, residentes en la provincia de Buenos Aires; siete de 73, 75, 53, 91, 92, 91 y 96 a\u00f1os, residentes en la Ciudad de Buenos Aires (CABA); una de 79 a\u00f1os, residente en Chaco; y una de 86 a\u00f1os, de R\u00edo Negro.<\/p>\n<p>En tanto, en el parte\u00a0matutino\u00a0se registraron\u00a0<strong>otros 5 decesos<\/strong>. Cuatro hombres, dos de 88 y 76 a\u00f1os, residentes en la provincia de Buenos Aires; uno de 66 a\u00f1os, residente en la Ciudad de Buenos Aires (CABA); uno de 76 a\u00f1os, residente en la provincia de R\u00edo Negro; y una mujer, de 84 a\u00f1os, residente en la Ciudad de Buenos Aires (CABA).<\/p>\n<h5><em>\u2022F.B.<\/em><\/h5>\n","protected":false},"excerpt":{"rendered":"<p>El Ministerio de Salud de la Naci\u00f3n inform\u00f3 este lunes en su reporte diario un\u00a0nuevo r\u00e9cord diario de 2.146 casos positivos\u00a0y &#8230;<\/p>\n","protected":false},"author":8,"featured_media":71655,"comment_status":"open","ping_status":"open","sticky":false,"template":"","format":"standard","meta":{"footnotes":""},"categories":[5,62],"tags":[],"class_list":["post-71654","post","type-post","status-publish","format-standard","has-post-thumbnail","hentry","category-actualidad","category-coronavirus"],"_links":{"self":[{"href":"https:\/\/vinasfm.com\/noticias\/wp-json\/wp\/v2\/posts\/71654","targetHints":{"allow":["GET"]}}],"collection":[{"href":"https:\/\/vinasfm.com\/noticias\/wp-json\/wp\/v2\/posts"}],"about":[{"href":"https:\/\/vinasfm.com\/noticias\/wp-json\/wp\/v2\/types\/post"}],"author":[{"embeddable":true,"href":"https:\/\/vinasfm.com\/noticias\/wp-json\/wp\/v2\/users\/8"}],"replies":[{"embeddable":true,"href":"https:\/\/vinasfm.com\/noticias\/wp-json\/wp\/v2\/comments?post=71654"}],"version-history":[{"count":1,"href":"https:\/\/vinasfm.com\/noticias\/wp-json\/wp\/v2\/posts\/71654\/revisions"}],"predecessor-version":[{"id":71656,"href":"https:\/\/vinasfm.com\/noticias\/wp-json\/wp\/v2\/posts\/71654\/revisions\/71656"}],"wp:featuredmedia":[{"embeddable":true,"href":"https:\/\/vinasfm.com\/noticias\/wp-json\/wp\/v2\/media\/71655"}],"wp:attachment":[{"href":"https:\/\/vinasfm.com\/noticias\/wp-json\/wp\/v2\/media?parent=71654"}],"wp:term":[{"taxonomy":"category","embeddable":true,"href":"https:\/\/vinasfm.com\/noticias\/wp-json\/wp\/v2\/categories?post=71654"},{"taxonomy":"post_tag","embeddable":true,"href":"https:\/\/vinasfm.com\/noticias\/wp-json\/wp\/v2\/tags?post=71654"}],"curies":[{"name":"wp","href":"https:\/\/api.w.org\/{rel}","templated":true}]}}