{"id":71638,"date":"2020-06-22T10:09:16","date_gmt":"2020-06-22T13:09:16","guid":{"rendered":"http:\/\/vinasfm.com\/noticias\/?p=71638"},"modified":"2020-06-23T12:07:25","modified_gmt":"2020-06-23T15:07:25","slug":"la-postura-de-los-concejales-longo-y-andres-por-el-pago-de-los-aguinaldos","status":"publish","type":"post","link":"https:\/\/vinasfm.com\/noticias\/la-postura-de-los-concejales-longo-y-andres-por-el-pago-de-los-aguinaldos\/","title":{"rendered":"LA POSTURA DE LOS CONCEJALES LONGO Y ANDR\u00c9S POR EL PAGO DE LOS AGUINALDOS"},"content":{"rendered":"<h4><strong>El viernes se pag\u00f3 la totalidad del aguinaldo al 85%\u00a0 de los empleados municipales, correspondientes a las clases m\u00e1s bajas; y el 50% a las m\u00e1s altas. En la provincia, para la totalidad de los empleados, ser\u00e1 en cuotas. A trav\u00e9s de la banca del ciudadano, miembros del Sindicato de Empleados Municipales y del SUTE el jueves expusieron sus reclamos.<\/strong><\/h4>\n<p><strong>En dialogo con F.M. Vi\u00f1as, los ediles Pablo Longo (UCR) y Ariel Andr\u00e9s (PJ), expusieron su postura.<\/strong><\/p>\n<div id=\"attachment_18919\" style=\"width: 300px\" class=\"wp-caption alignright\"><a href=\"http:\/\/vinasfm.com\/noticias\/wp-content\/uploads\/2017\/02\/pablo-longo-2017.jpg\"><img loading=\"lazy\" decoding=\"async\" aria-describedby=\"caption-attachment-18919\" class=\"wp-image-18919 size-medium\" src=\"http:\/\/vinasfm.com\/noticias\/wp-content\/uploads\/2017\/02\/pablo-longo-2017-300x200.jpg\" alt=\"\" width=\"300\" height=\"200\" srcset=\"https:\/\/vinasfm.com\/noticias\/wp-content\/uploads\/2017\/02\/pablo-longo-2017-300x200.jpg 300w, https:\/\/vinasfm.com\/noticias\/wp-content\/uploads\/2017\/02\/pablo-longo-2017-768x512.jpg 768w, https:\/\/vinasfm.com\/noticias\/wp-content\/uploads\/2017\/02\/pablo-longo-2017.jpg 960w\" sizes=\"auto, (max-width: 300px) 100vw, 300px\" \/><\/a><p id=\"caption-attachment-18919\" class=\"wp-caption-text\">Pablo Longo (UCR)<\/p><\/div>\n<p>Por el sector del oficialismo<strong> Longo<\/strong> se\u00f1al\u00f3 \u201cuna municipalidad chica como la nuestra ha hecho un esfuerzo enorme para afrontar la casi totalidad de los aguinaldos\u201d.<\/p>\n<p>El jueves ante la visita de algunos miembros del Sindicato de Empleados Municipales manifestando su disconformidad, indic\u00f3 \u201ccreemos que enmarc\u00e1ndonos en este contexto que estamos viviendo de crisis, si bien ya ven\u00edamos complicados en Argentina, la pandemia nos empeora un poco m\u00e1s\u201d.<\/p>\n<p>\u201cEntendemos la necesidad, entendemos el contexto pero en la situaci\u00f3n que se est\u00e1 viviendo es bueno valorar el esfuerzo que se ha hecho\u201d, sostuvo, mientras agreg\u00f3 \u201chay que entender que el sector privado tampoco la est\u00e1 pasando bien\u201d.<\/p>\n<p>Sobre el pago del aguinaldo a empleados de la provincia se\u00f1al\u00f3 que si bien no es lo adecuado \u201ces el que en estos momentos se puede pagar\u201d, pidiendo adem\u00e1s que Naci\u00f3n baje los recursos que le corresponden a Mendoza.<\/p>\n<div id=\"attachment_71639\" style=\"width: 275px\" class=\"wp-caption alignleft\"><a href=\"http:\/\/vinasfm.com\/noticias\/wp-content\/uploads\/2020\/06\/ariel-andres.jpg\"><img loading=\"lazy\" decoding=\"async\" aria-describedby=\"caption-attachment-71639\" class=\"wp-image-71639 size-full\" src=\"http:\/\/vinasfm.com\/noticias\/wp-content\/uploads\/2020\/06\/ariel-andres.jpg\" alt=\"\" width=\"275\" height=\"183\" \/><\/a><p id=\"caption-attachment-71639\" class=\"wp-caption-text\">Ariel Andr\u00e9s (PJ)<\/p><\/div>\n<p><strong>Por su parte, Ariel Andr\u00e9s edil de la oposici\u00f3n<\/strong> se\u00f1al\u00f3 \u201clos empleados a nivel provincial se manifestaron, creo que es un reclamo justo el pago del aguinaldo en tiempo y forma\u201d, sin dejar de indicar su \u201cpreocupaci\u00f3n por la dif\u00edcil situaci\u00f3n econ\u00f3mica\u201d.<\/p>\n<p>\u201cEsperemos que el gobernador reclame lo que tiene que reclamar para la provincia\u201d, dijo en relaci\u00f3n a la llegada de fondos provenientes de Naci\u00f3n.<\/p>\n<p>\u201cAnte esta situaci\u00f3n no nos queda m\u00e1s que escuchar y hacer los reclamos correspondientes y no sac\u00e1ndonos del medio, sino poni\u00e9ndonos a disposici\u00f3n\u201d, complet\u00f3.<\/p>\n<h5><strong><em>A.C.<\/em><\/strong><\/h5>\n","protected":false},"excerpt":{"rendered":"<p>El viernes se pag\u00f3 la totalidad del aguinaldo al 85%\u00a0 de los empleados municipales, correspondientes a las clases m\u00e1s bajas; y &#8230;<\/p>\n","protected":false},"author":7,"featured_media":54698,"comment_status":"open","ping_status":"open","sticky":false,"template":"","format":"standard","meta":{"footnotes":""},"categories":[5,26],"tags":[],"class_list":["post-71638","post","type-post","status-publish","format-standard","has-post-thumbnail","hentry","category-actualidad","category-hcd"],"_links":{"self":[{"href":"https:\/\/vinasfm.com\/noticias\/wp-json\/wp\/v2\/posts\/71638","targetHints":{"allow":["GET"]}}],"collection":[{"href":"https:\/\/vinasfm.com\/noticias\/wp-json\/wp\/v2\/posts"}],"about":[{"href":"https:\/\/vinasfm.com\/noticias\/wp-json\/wp\/v2\/types\/post"}],"author":[{"embeddable":true,"href":"https:\/\/vinasfm.com\/noticias\/wp-json\/wp\/v2\/users\/7"}],"replies":[{"embeddable":true,"href":"https:\/\/vinasfm.com\/noticias\/wp-json\/wp\/v2\/comments?post=71638"}],"version-history":[{"count":1,"href":"https:\/\/vinasfm.com\/noticias\/wp-json\/wp\/v2\/posts\/71638\/revisions"}],"predecessor-version":[{"id":71640,"href":"https:\/\/vinasfm.com\/noticias\/wp-json\/wp\/v2\/posts\/71638\/revisions\/71640"}],"wp:featuredmedia":[{"embeddable":true,"href":"https:\/\/vinasfm.com\/noticias\/wp-json\/wp\/v2\/media\/54698"}],"wp:attachment":[{"href":"https:\/\/vinasfm.com\/noticias\/wp-json\/wp\/v2\/media?parent=71638"}],"wp:term":[{"taxonomy":"category","embeddable":true,"href":"https:\/\/vinasfm.com\/noticias\/wp-json\/wp\/v2\/categories?post=71638"},{"taxonomy":"post_tag","embeddable":true,"href":"https:\/\/vinasfm.com\/noticias\/wp-json\/wp\/v2\/tags?post=71638"}],"curies":[{"name":"wp","href":"https:\/\/api.w.org\/{rel}","templated":true}]}}