{"id":71633,"date":"2020-06-22T08:09:08","date_gmt":"2020-06-22T11:09:08","guid":{"rendered":"http:\/\/vinasfm.com\/noticias\/?p=71633"},"modified":"2020-06-22T22:11:23","modified_gmt":"2020-06-23T01:11:23","slug":"comenzo-el-invierno-asi-estara-el-tiempo-en-alvear","status":"publish","type":"post","link":"https:\/\/vinasfm.com\/noticias\/comenzo-el-invierno-asi-estara-el-tiempo-en-alvear\/","title":{"rendered":"COMENZ\u00d3 EL INVIERNO: AS\u00cd ESTAR\u00c1 EL TIEMPO EN ALVEAR"},"content":{"rendered":"<p><strong>Este lunes se presentar\u00e1 con \u201cpoca nubosidad, poco cambio de la temperatura, vientos leves del sudeste y heladas parciales\u201d, seg\u00fan inform\u00f3 la\u00a0<\/strong><a href=\"http:\/\/www.contingencias.mendoza.gov.ar\/web1\/pronostico.php\"><strong>Direcci\u00f3n de Contingencias Clim\u00e1ticas<\/strong><\/a><strong>. Pero adem\u00e1s anunci\u00f3 \u201cinestable en cordillera\u201d en coincidencia con el\u00a0<\/strong><a href=\"https:\/\/www.smn.gob.ar\/smn_alertas\/alertas\"><strong>Servicio Meteorol\u00f3gico Nacional<\/strong><\/a><strong>. La m\u00e1xima llegar\u00eda a los 15\u00b0.<\/strong><\/p>\n<p>Para ma\u00f1ana se espera \u201cparcialmente nublado y ventoso con descenso de la temperatura, precipitaciones aisladas, vientos moderados del sudeste. Y nevadas en cordillera\u201d. La m\u00e1xima ser\u00e1 de 11\u00ba y la m\u00ednima de 4\u00ba.<\/p>\n<h5><strong><em>A.C.<\/em><\/strong><\/h5>\n","protected":false},"excerpt":{"rendered":"<p>Este lunes se presentar\u00e1 con \u201cpoca nubosidad, poco cambio de la temperatura, vientos leves del sudeste y heladas parciales\u201d, seg\u00fan inform\u00f3 &#8230;<\/p>\n","protected":false},"author":7,"featured_media":69668,"comment_status":"open","ping_status":"open","sticky":false,"template":"","format":"standard","meta":{"footnotes":""},"categories":[5,36],"tags":[],"class_list":["post-71633","post","type-post","status-publish","format-standard","has-post-thumbnail","hentry","category-actualidad","category-pronostico"],"_links":{"self":[{"href":"https:\/\/vinasfm.com\/noticias\/wp-json\/wp\/v2\/posts\/71633","targetHints":{"allow":["GET"]}}],"collection":[{"href":"https:\/\/vinasfm.com\/noticias\/wp-json\/wp\/v2\/posts"}],"about":[{"href":"https:\/\/vinasfm.com\/noticias\/wp-json\/wp\/v2\/types\/post"}],"author":[{"embeddable":true,"href":"https:\/\/vinasfm.com\/noticias\/wp-json\/wp\/v2\/users\/7"}],"replies":[{"embeddable":true,"href":"https:\/\/vinasfm.com\/noticias\/wp-json\/wp\/v2\/comments?post=71633"}],"version-history":[{"count":1,"href":"https:\/\/vinasfm.com\/noticias\/wp-json\/wp\/v2\/posts\/71633\/revisions"}],"predecessor-version":[{"id":71634,"href":"https:\/\/vinasfm.com\/noticias\/wp-json\/wp\/v2\/posts\/71633\/revisions\/71634"}],"wp:featuredmedia":[{"embeddable":true,"href":"https:\/\/vinasfm.com\/noticias\/wp-json\/wp\/v2\/media\/69668"}],"wp:attachment":[{"href":"https:\/\/vinasfm.com\/noticias\/wp-json\/wp\/v2\/media?parent=71633"}],"wp:term":[{"taxonomy":"category","embeddable":true,"href":"https:\/\/vinasfm.com\/noticias\/wp-json\/wp\/v2\/categories?post=71633"},{"taxonomy":"post_tag","embeddable":true,"href":"https:\/\/vinasfm.com\/noticias\/wp-json\/wp\/v2\/tags?post=71633"}],"curies":[{"name":"wp","href":"https:\/\/api.w.org\/{rel}","templated":true}]}}