{"id":71602,"date":"2020-06-22T09:09:28","date_gmt":"2020-06-22T12:09:28","guid":{"rendered":"http:\/\/vinasfm.com\/noticias\/?p=71602"},"modified":"2020-06-23T10:17:11","modified_gmt":"2020-06-23T13:17:11","slug":"voraz-incendio-provoco-importantes-perdidas-en-una-vivienda-de-bowen","status":"publish","type":"post","link":"https:\/\/vinasfm.com\/noticias\/voraz-incendio-provoco-importantes-perdidas-en-una-vivienda-de-bowen\/","title":{"rendered":"VORAZ INCENDIO PROVOC\u00d3 IMPORTANTES P\u00c9RDIDAS EN UNA VIVIENDA DE BOWEN"},"content":{"rendered":"<h4><strong>El hecho fue registrado cerca de las 5:45h de este domingo en una vivienda ubicada en calle Belgrano casi Pedro Pascual Segura del distrito del este.<\/strong><\/h4>\n<p>A trav\u00e9s del numero de guardia (<strong><em>2625518819<\/em><\/strong>), <strong>Bomberos Voluntario de Bowen<\/strong> fueron alertados del siniestro por lo que una dotaci\u00f3n acudi\u00f3 hasta la vivienda afectada y cont\u00f3 con la colaboraci\u00f3n de <strong>Bomberos de la Polic\u00eda<\/strong> y <strong>personal de<\/strong> <strong>Comisar\u00eda 46<\/strong>\u00b0.<\/p>\n<p><span class=\"text_exposed_show\">Al llegar corroboraron que el incendio hab\u00eda iniciado en uno de los dormitorios ya que era el ambiente m\u00e1s afectado por el fuego y como resultado <strong>gener\u00f3 importantes perdidas materiales<\/strong>. <\/span>Afortunadamente, <strong>los moradores no se encontraban en el domicilio por lo que fueron informados sobre lo sucedido.<\/strong><\/p>\n<p><span class=\"text_exposed_show\">Para extinguir el foco \u00edgneo, <strong>tarea que demand\u00f3 una hora y media<\/strong>, los uniformados <strong>utilizaron dos lineas de ataque directo y contaron con la colaboraci\u00f3n de un m\u00f3vil\u00a0 hidrante de apoyo<\/strong>.\u00a0<\/span><\/p>\n<p><span class=\"text_exposed_show\">En la seccional distrital se labraron <em>actuaciones en averiguaci\u00f3n de los hechos<\/em> bajo instrucci\u00f3n de la Unidad Fiscal de Bowen.<\/span><\/p>\n<div class=\"text_exposed_show\">\n<h5><em>F.B. (F.M. Vi\u00f1as).<\/em><\/h5>\n<\/div>\n","protected":false},"excerpt":{"rendered":"<p>El hecho fue registrado cerca de las 5:45h de este domingo en una vivienda ubicada en calle Belgrano casi Pedro Pascual &#8230;<\/p>\n","protected":false},"author":8,"featured_media":71603,"comment_status":"open","ping_status":"open","sticky":false,"template":"","format":"standard","meta":{"footnotes":""},"categories":[5,76],"tags":[],"class_list":["post-71602","post","type-post","status-publish","format-standard","has-post-thumbnail","hentry","category-actualidad","category-bomberos"],"_links":{"self":[{"href":"https:\/\/vinasfm.com\/noticias\/wp-json\/wp\/v2\/posts\/71602","targetHints":{"allow":["GET"]}}],"collection":[{"href":"https:\/\/vinasfm.com\/noticias\/wp-json\/wp\/v2\/posts"}],"about":[{"href":"https:\/\/vinasfm.com\/noticias\/wp-json\/wp\/v2\/types\/post"}],"author":[{"embeddable":true,"href":"https:\/\/vinasfm.com\/noticias\/wp-json\/wp\/v2\/users\/8"}],"replies":[{"embeddable":true,"href":"https:\/\/vinasfm.com\/noticias\/wp-json\/wp\/v2\/comments?post=71602"}],"version-history":[{"count":1,"href":"https:\/\/vinasfm.com\/noticias\/wp-json\/wp\/v2\/posts\/71602\/revisions"}],"predecessor-version":[{"id":71604,"href":"https:\/\/vinasfm.com\/noticias\/wp-json\/wp\/v2\/posts\/71602\/revisions\/71604"}],"wp:featuredmedia":[{"embeddable":true,"href":"https:\/\/vinasfm.com\/noticias\/wp-json\/wp\/v2\/media\/71603"}],"wp:attachment":[{"href":"https:\/\/vinasfm.com\/noticias\/wp-json\/wp\/v2\/media?parent=71602"}],"wp:term":[{"taxonomy":"category","embeddable":true,"href":"https:\/\/vinasfm.com\/noticias\/wp-json\/wp\/v2\/categories?post=71602"},{"taxonomy":"post_tag","embeddable":true,"href":"https:\/\/vinasfm.com\/noticias\/wp-json\/wp\/v2\/tags?post=71602"}],"curies":[{"name":"wp","href":"https:\/\/api.w.org\/{rel}","templated":true}]}}