{"id":71486,"date":"2020-06-19T07:08:33","date_gmt":"2020-06-19T10:08:33","guid":{"rendered":"http:\/\/vinasfm.com\/noticias\/?p=71486"},"modified":"2020-06-21T13:35:16","modified_gmt":"2020-06-21T16:35:16","slug":"la-ruta-188-alvear-malargue-seguira-postergandose-por-falta-de-presupuesto","status":"publish","type":"post","link":"https:\/\/vinasfm.com\/noticias\/la-ruta-188-alvear-malargue-seguira-postergandose-por-falta-de-presupuesto\/","title":{"rendered":"LA RUTA 188 ALVEAR-MALARG\u00dcE SEGUIR\u00c1 POSTERG\u00c1NDOSE POR &#8216;FALTA DE PRESUPUESTO&#8217;"},"content":{"rendered":"<h4><strong>La cruda respuesta la dio el Jefe de Gabinete, Santiago Cafiero, frente a la consulta del Senador Julio Cobos. La v\u00eda que une Alvear y Malarg\u00fce continuar\u00e1 en el estado actual por no tener presupuesto asignado.<\/strong><\/h4>\n<p>La respuesta formal fue a trav\u00e9s de un escrito por parte de Cafiero indicando que el tramo Alvear-Malarg\u00fce de la ruta 188 \u00ab<em><strong>no registra ejecuci\u00f3n por falta de presupuesto<\/strong><\/em>\u00ab.<\/p>\n<p>En profundidad, el Jefe de Gabinete agreg\u00f3 que para que la obra eventualmente pueda reactivarse, requerir\u00e1 \u00ab<strong><em>un contrato de mayor envergadura. No puede continuarse en los t\u00e9rminos de la contrataci\u00f3n original<\/em><\/strong>\u00ab.<\/p>\n<p><strong>RESPUESTA OFICIAL<\/strong><\/p>\n<p><i>El Ministerio de Obras P\u00fablica trabaja en la reactivaci\u00f3n de obras que se encontraban sin registro de ejecuci\u00f3n en todo el pa\u00eds. Es el caso de las consultadas por el Senador.\u00a0<\/i><\/p>\n<p><i>Ruta Nacional 188 (Provincia de Mendoza)\u00a0<\/i><\/p>\n<p><i>Modalidad de contrataci\u00f3n: convenio con la Provincia<\/i><\/p>\n<p><i>Estado: no registra ejecuci\u00f3n por falta de presupuesto\u00a0<\/i><\/p>\n<p><i>\u00daltimo per\u00edodo certificado: enero de 2019\u00a0<\/i><\/p>\n<p><i>Avance F\u00edsico: 77% Avance\u00a0<\/i><\/p>\n<p><i>Proyectado a la fecha: 100%\u00a0<\/i><\/p>\n<p><i>Observaci\u00f3n: no puede continuarse en los t\u00e9rminos de la contrataci\u00f3n original. Se encuentra en evaluaci\u00f3n la posibilidad de reactivaci\u00f3n debido al deterioro que presenta la traza en la actualidad por la falta de intervenci\u00f3n a tiempo, lo cual requerir\u00eda de un contrato de mayor envergadura.\u00a0\u00a0<\/i><\/p>\n<h5><em>\u2022F.B.<\/em><\/h5>\n","protected":false},"excerpt":{"rendered":"<p>La cruda respuesta la dio el Jefe de Gabinete, Santiago Cafiero, frente a la consulta del Senador Julio Cobos. La v\u00eda &#8230;<\/p>\n","protected":false},"author":8,"featured_media":59411,"comment_status":"open","ping_status":"open","sticky":false,"template":"","format":"standard","meta":{"footnotes":""},"categories":[1],"tags":[],"class_list":["post-71486","post","type-post","status-publish","format-standard","has-post-thumbnail","hentry","category-fmvinas"],"_links":{"self":[{"href":"https:\/\/vinasfm.com\/noticias\/wp-json\/wp\/v2\/posts\/71486","targetHints":{"allow":["GET"]}}],"collection":[{"href":"https:\/\/vinasfm.com\/noticias\/wp-json\/wp\/v2\/posts"}],"about":[{"href":"https:\/\/vinasfm.com\/noticias\/wp-json\/wp\/v2\/types\/post"}],"author":[{"embeddable":true,"href":"https:\/\/vinasfm.com\/noticias\/wp-json\/wp\/v2\/users\/8"}],"replies":[{"embeddable":true,"href":"https:\/\/vinasfm.com\/noticias\/wp-json\/wp\/v2\/comments?post=71486"}],"version-history":[{"count":1,"href":"https:\/\/vinasfm.com\/noticias\/wp-json\/wp\/v2\/posts\/71486\/revisions"}],"predecessor-version":[{"id":71487,"href":"https:\/\/vinasfm.com\/noticias\/wp-json\/wp\/v2\/posts\/71486\/revisions\/71487"}],"wp:featuredmedia":[{"embeddable":true,"href":"https:\/\/vinasfm.com\/noticias\/wp-json\/wp\/v2\/media\/59411"}],"wp:attachment":[{"href":"https:\/\/vinasfm.com\/noticias\/wp-json\/wp\/v2\/media?parent=71486"}],"wp:term":[{"taxonomy":"category","embeddable":true,"href":"https:\/\/vinasfm.com\/noticias\/wp-json\/wp\/v2\/categories?post=71486"},{"taxonomy":"post_tag","embeddable":true,"href":"https:\/\/vinasfm.com\/noticias\/wp-json\/wp\/v2\/tags?post=71486"}],"curies":[{"name":"wp","href":"https:\/\/api.w.org\/{rel}","templated":true}]}}