{"id":71480,"date":"2020-06-19T04:50:43","date_gmt":"2020-06-19T07:50:43","guid":{"rendered":"http:\/\/vinasfm.com\/noticias\/?p=71480"},"modified":"2020-06-21T13:35:34","modified_gmt":"2020-06-21T16:35:34","slug":"robaron-computadoras-y-netbooks-en-la-esc-juan-quiles-de-monte-coman","status":"publish","type":"post","link":"https:\/\/vinasfm.com\/noticias\/robaron-computadoras-y-netbooks-en-la-esc-juan-quiles-de-monte-coman\/","title":{"rendered":"ROBARON COMPUTADORAS Y NETBOOKS EN LA ESC. &#8216;JUAN QUILES&#8217; DE MONTE COM\u00c1N"},"content":{"rendered":"<h4><strong>Una triste escena se encontraron hoy los celadores de la escuela N\u00b0 1-392 \u00abJuan Quiles\u00bb, de Monte Com\u00e1n, al llegar al lugar y notar que desconocidos hab\u00edan ingresado a robar tras violentar una de las aberturas.<\/strong><\/h4>\n<p>De acuerdo a lo que los celadores pudieron constatar y lo que cont\u00f3 la directora del establecimiento, Marisa Depetris, \u00ab<em>personas desconocidas han ingresado a la escuela y sustrajeron computadoras de la sala de inform\u00e1tica, netbooks que envi\u00f3 el Gobierno para los alumnos, material del laboratorio, entre otros elementos<\/em>\u00ab.<\/p>\n<p>Aparte del robo que sufri\u00f3 la escuela, es lamentable el desorden y los da\u00f1os que provocaron los delincuentes. \u00ab<em>No podemos especificar bien cu\u00e1ndo ha ocurrido el hecho, porque los celadores est\u00e1n yendo cada ciertos d\u00edas a la escuela<\/em>\u00ab, afirm\u00f3 apesadumbrada la Directora a <strong>MediaMendoza<\/strong>.<\/p>\n<p>Solicitan que por favor si a alguien le ofrecen alguno de estos elementos, no compren lo robado. Y si ven o saben de algo sobre el hecho piden que se comuniquen con la Polic\u00eda (911) o la Direcci\u00f3n General de Escuelas (DGE).<\/p>\n","protected":false},"excerpt":{"rendered":"<p>Una triste escena se encontraron hoy los celadores de la escuela N\u00b0 1-392 \u00abJuan Quiles\u00bb, de Monte Com\u00e1n, al llegar al &#8230;<\/p>\n","protected":false},"author":8,"featured_media":71481,"comment_status":"open","ping_status":"open","sticky":false,"template":"","format":"standard","meta":{"footnotes":""},"categories":[5,4],"tags":[],"class_list":["post-71480","post","type-post","status-publish","format-standard","has-post-thumbnail","hentry","category-actualidad","category-policiales"],"_links":{"self":[{"href":"https:\/\/vinasfm.com\/noticias\/wp-json\/wp\/v2\/posts\/71480","targetHints":{"allow":["GET"]}}],"collection":[{"href":"https:\/\/vinasfm.com\/noticias\/wp-json\/wp\/v2\/posts"}],"about":[{"href":"https:\/\/vinasfm.com\/noticias\/wp-json\/wp\/v2\/types\/post"}],"author":[{"embeddable":true,"href":"https:\/\/vinasfm.com\/noticias\/wp-json\/wp\/v2\/users\/8"}],"replies":[{"embeddable":true,"href":"https:\/\/vinasfm.com\/noticias\/wp-json\/wp\/v2\/comments?post=71480"}],"version-history":[{"count":2,"href":"https:\/\/vinasfm.com\/noticias\/wp-json\/wp\/v2\/posts\/71480\/revisions"}],"predecessor-version":[{"id":71484,"href":"https:\/\/vinasfm.com\/noticias\/wp-json\/wp\/v2\/posts\/71480\/revisions\/71484"}],"wp:featuredmedia":[{"embeddable":true,"href":"https:\/\/vinasfm.com\/noticias\/wp-json\/wp\/v2\/media\/71481"}],"wp:attachment":[{"href":"https:\/\/vinasfm.com\/noticias\/wp-json\/wp\/v2\/media?parent=71480"}],"wp:term":[{"taxonomy":"category","embeddable":true,"href":"https:\/\/vinasfm.com\/noticias\/wp-json\/wp\/v2\/categories?post=71480"},{"taxonomy":"post_tag","embeddable":true,"href":"https:\/\/vinasfm.com\/noticias\/wp-json\/wp\/v2\/tags?post=71480"}],"curies":[{"name":"wp","href":"https:\/\/api.w.org\/{rel}","templated":true}]}}