{"id":71473,"date":"2020-06-18T11:05:23","date_gmt":"2020-06-18T14:05:23","guid":{"rendered":"http:\/\/vinasfm.com\/noticias\/?p=71473"},"modified":"2020-06-18T15:24:16","modified_gmt":"2020-06-18T18:24:16","slug":"la-fundacion-de-san-pedro-del-atuel-en-historias","status":"publish","type":"post","link":"https:\/\/vinasfm.com\/noticias\/la-fundacion-de-san-pedro-del-atuel-en-historias\/","title":{"rendered":"LA FUNDACI\u00d3N DE SAN PEDRO DEL ATUEL EN HISTORIAS"},"content":{"rendered":"<h4><strong>\u00abRecopilaci\u00f3n de la fundaci\u00f3n de la Colonia San Pedro del Atuel\u00bb por Tomas Barbulo \u00abLos inicios de la colonizaci\u00f3n, la llegada de los \u00abrusos\u00bb.<\/strong><\/h4>\n<p>Seguimos compartiendo partes del testimonio de don Tomas B\u00e1rbulo, sobre la historia de San Pedro del Atuel: \u00abEn esta parte de mis memorias me referir\u00e9 a la colonizaci\u00f3n de esta colonia, tomar\u00e9 como referencia a lo contado por mis padres y otras personas que llegaron como inmigrantes y tambi\u00e9n al conocimiento que yo pude recoger desde que tengo uso de raz\u00f3n.<\/p>\n<p>A esta colonia le fue otorgado en 1912 un derecho eventual de agua de riego por 15.000 hect\u00e1reas podr\u00edamos dividirla en tres zonas: al este la llamada Colonia Rusa que est\u00e1 poblada en su mayor\u00eda por inmigrantes ucranianos, polacos, checoslovacos y de algunas otras nacionalidades. La zona central que siempre fue m\u00e1s variada las nacionalidades de sus habitantes y luego la llamada Colonia Italiana que tambi\u00e9n prevalec\u00edan los inmigrantes de esta nacionalidad.<\/p>\n<p>Hoy ya est\u00e1 muy mezclado podr\u00edamos decir que esta todo mezclado en cuanto a las distintas nacionalidades.<\/p>\n<p>Voy a poner \u00e9nfasis en la Colonia Rusa, pues estos pobladores por venir de un pa\u00eds con costumbres e idiomas distintos al nuestro son a los que m\u00e1s les cost\u00f3 adaptarse a nuestras costumbres, pero con gran tes\u00f3n y coraje lograron superar todos estos inconvenientes y forman una colonia digna de elogiar, pues en esa \u00e9poca eran los mejores productores de tomate y alfalfa. Hoy tambi\u00e9n cuentan con plantaciones de vi\u00f1edos y frutales como tambi\u00e9n con plantaciones forestales, pero tambi\u00e9n la crisis afect\u00f3 a esta gente laboriosa y muchos decidieron abandonar sus tierras buscando mejores modos de vida y es as\u00ed que en estos momentos se puede apreciar el abandono de la mayor\u00eda de las fincas.<\/p>\n<p>En la \u00e9poca que en la colonia solo exist\u00edan potreros de alfalfa y tierras en blanco, como se produc\u00eda mucha alfalfa para semillas, hab\u00eda muchas maquinas trilladoras de la misma. Algunos de los propietarios eran: Trasancos, Arguilla, Pivotto, Wozniak y algunos m\u00e1s que no recuerdo.<a href=\"http:\/\/vinasfm.com\/noticias\/wp-content\/uploads\/2020\/06\/INMIGRANTES-COLONIA-RUSA.jpg\"><img loading=\"lazy\" decoding=\"async\" class=\" wp-image-71475 aligncenter\" src=\"http:\/\/vinasfm.com\/noticias\/wp-content\/uploads\/2020\/06\/INMIGRANTES-COLONIA-RUSA-300x185.jpg\" alt=\"\" width=\"611\" height=\"377\" srcset=\"https:\/\/vinasfm.com\/noticias\/wp-content\/uploads\/2020\/06\/INMIGRANTES-COLONIA-RUSA-300x185.jpg 300w, https:\/\/vinasfm.com\/noticias\/wp-content\/uploads\/2020\/06\/INMIGRANTES-COLONIA-RUSA-768x473.jpg 768w, https:\/\/vinasfm.com\/noticias\/wp-content\/uploads\/2020\/06\/INMIGRANTES-COLONIA-RUSA.jpg 960w\" sizes=\"auto, (max-width: 611px) 100vw, 611px\" \/><\/a><\/p>\n<p>La llegada de los inmigrantes que poblaron esta colonia, comenz\u00f3 en la d\u00e9cada de 1920, la llegada de italianos, espa\u00f1oles, ucranianos, checoslovacos, polacos y algunos franceses, alemanes y \u00e1rabes. Estos se fueron ubicando en distintas zonas, as\u00ed fue que los espa\u00f1oles fueron poblando los lugares m\u00e1s cercanos al pueblo y la estaci\u00f3n del ferrocarril, al noreste y este; los italianos al oeste y los ucranianos, polacos y checoslovacos al este en la zona m\u00e1s alejada del pueblo.<\/p>\n<p>Todos ellos recibieron tierras incultas que tuvieron que desmontar, hacer hijuelas de riego y nivelar la tierra para as\u00ed hacerlas productivas. Tarea bastante dura y sacrificada pues casi todos carec\u00edan de herramientas adecuadas para las labores.<\/p>\n<p>Por lo tanto la vida era muy dura, creo que a los que m\u00e1s les cost\u00f3 adaptarse fueron a los que hablaban otras lenguas que no fueran el castellano, pues ten\u00edan que aprenderlo, que a los mayores les resultaba bastante dif\u00edcil. M\u00e1s que nada a los pobladores de la Colonia Rusa, por su lenguaje muy diferente al castellano, as\u00ed es que a los hijos los comenzaron a mandar a la escuela de esa zona, funcionaba la escuela N\u00b0 11.<\/p>\n<p>A los maestros les costaba tambi\u00e9n ense\u00f1arles porque ten\u00edan que aprender ellos tambi\u00e9n a entenderlos para poder ense\u00f1arles el castellano. Pero todos estos inconvenientes se fueron solucionando y los ni\u00f1os aprend\u00edan en la escuela junto con los otros ni\u00f1os que hablaban nuestra lengua. Esto era beneficioso para los padres porque los hijos una vez que aprend\u00edan les ense\u00f1aban a ellos a hablar.<\/p>\n<p>Estos inmigrantes ten\u00edan una comunidad muy unida y se ayudaban unos a los otros, formando lugares de esparcimiento como donde ir a bailar y ten\u00edan hasta representaciones teatrales; el baile y las fiestas para ellos eran parte de la vida por su estilo festivo y alegre. Referente al trabajo de la tierra de estos pobladores fue en un principio el cultivo de alfalfa y cereales, luego cuando instalaron f\u00e1bricas de conservas en Carmensa fue uno de los principales cultivos de tomate, que lleg\u00f3 a ser el lugar que m\u00e1s tomate produc\u00eda y de mayor calidad de la provincia y tambi\u00e9n del pa\u00eds, esta colonia lleg\u00f3 a ser la m\u00e1s productiva del distrito.\u00bb<\/p>\n<h5><strong><em>Cr\u00f3nicas Departamentales \/ Agradecimiento a Miguel \u00c1ngel B\u00e1rbulo por su colaboraci\u00f3n.<\/em><\/strong><\/h5>\n<h5><strong><em>A.C.<\/em><\/strong><\/h5>\n","protected":false},"excerpt":{"rendered":"<p>\u00abRecopilaci\u00f3n de la fundaci\u00f3n de la Colonia San Pedro del Atuel\u00bb por Tomas Barbulo \u00abLos inicios de la colonizaci\u00f3n, la llegada &#8230;<\/p>\n","protected":false},"author":7,"featured_media":71474,"comment_status":"open","ping_status":"open","sticky":false,"template":"","format":"standard","meta":{"footnotes":""},"categories":[5],"tags":[],"class_list":["post-71473","post","type-post","status-publish","format-standard","has-post-thumbnail","hentry","category-actualidad"],"_links":{"self":[{"href":"https:\/\/vinasfm.com\/noticias\/wp-json\/wp\/v2\/posts\/71473","targetHints":{"allow":["GET"]}}],"collection":[{"href":"https:\/\/vinasfm.com\/noticias\/wp-json\/wp\/v2\/posts"}],"about":[{"href":"https:\/\/vinasfm.com\/noticias\/wp-json\/wp\/v2\/types\/post"}],"author":[{"embeddable":true,"href":"https:\/\/vinasfm.com\/noticias\/wp-json\/wp\/v2\/users\/7"}],"replies":[{"embeddable":true,"href":"https:\/\/vinasfm.com\/noticias\/wp-json\/wp\/v2\/comments?post=71473"}],"version-history":[{"count":1,"href":"https:\/\/vinasfm.com\/noticias\/wp-json\/wp\/v2\/posts\/71473\/revisions"}],"predecessor-version":[{"id":71476,"href":"https:\/\/vinasfm.com\/noticias\/wp-json\/wp\/v2\/posts\/71473\/revisions\/71476"}],"wp:featuredmedia":[{"embeddable":true,"href":"https:\/\/vinasfm.com\/noticias\/wp-json\/wp\/v2\/media\/71474"}],"wp:attachment":[{"href":"https:\/\/vinasfm.com\/noticias\/wp-json\/wp\/v2\/media?parent=71473"}],"wp:term":[{"taxonomy":"category","embeddable":true,"href":"https:\/\/vinasfm.com\/noticias\/wp-json\/wp\/v2\/categories?post=71473"},{"taxonomy":"post_tag","embeddable":true,"href":"https:\/\/vinasfm.com\/noticias\/wp-json\/wp\/v2\/tags?post=71473"}],"curies":[{"name":"wp","href":"https:\/\/api.w.org\/{rel}","templated":true}]}}