{"id":71471,"date":"2020-06-18T10:22:24","date_gmt":"2020-06-18T13:22:24","guid":{"rendered":"http:\/\/vinasfm.com\/noticias\/?p=71471"},"modified":"2020-06-19T12:12:48","modified_gmt":"2020-06-19T15:12:48","slug":"el-gerente-de-coprosamen-hizo-un-balance-de-la-campana-de-vacunacion","status":"publish","type":"post","link":"https:\/\/vinasfm.com\/noticias\/el-gerente-de-coprosamen-hizo-un-balance-de-la-campana-de-vacunacion\/","title":{"rendered":"EL GERENTE DE COPROSAMEN HIZO UN BALANCE DE LA CAMPA\u00d1A DE VACUNACI\u00d3N"},"content":{"rendered":"<h4><strong>Carlos Iriarte, Gerente de COPROSAMEN dialog\u00f3 con F.M. Vi\u00f1as respecto a la campa\u00f1a de vacunaci\u00f3n antiaftosa y la situaci\u00f3n ganadera de la zona.<\/strong><\/h4>\n<p>\u201cYa estamos llegando al final de la campa\u00f1a con algunos inconvenientes pero cumplimentando bien\u201d, se\u00f1al\u00f3. <strong>La campa\u00f1a de vacunaci\u00f3n se encuentra entre el 90% y 95%.<\/strong><\/p>\n<p>Sobre el precio de la vacuna, explic\u00f3 que est\u00e1 acompa\u00f1ado por el precio del d\u00f3lar. En el mes de julio y luego de una serie de aumentos pasar\u00eda a costar $72.<\/p>\n<p><em>\u201cMoment\u00e1neamente no se va a tocar el valor final\u201d<\/em>, se\u00f1al\u00f3 Iriarte llevando tranquilidad a los productores ante la compleja situaci\u00f3n econ\u00f3mica que se atraviesa. Adem\u00e1s tampoco se colocar\u00e1n las vacunas contra la brucelosis, por estar comprendidos en una zona de bajo riesgo.<\/p>\n<p>Por otra parte,<strong> la sequ\u00eda<\/strong> ha pegado duro en los campos, not\u00e1ndose una <strong>importante reducci\u00f3n en las cabezas y vientres de ganado<\/strong>, <em>\u201cestamos viendo en los movimientos de haciendo que hay mucho animal grande, es decir mucho vientre de vaca\u201d<\/em>.<\/p>\n<p><em>\u201cCuesta mucho recuperar estos animales y que el campo tambi\u00e9n se recupere\u201d,<\/em> manifest\u00f3.<\/p>\n<h5><strong><em>A.C.<\/em><\/strong><\/h5>\n","protected":false},"excerpt":{"rendered":"<p>Carlos Iriarte, Gerente de COPROSAMEN dialog\u00f3 con F.M. Vi\u00f1as respecto a la campa\u00f1a de vacunaci\u00f3n antiaftosa y la situaci\u00f3n ganadera de &#8230;<\/p>\n","protected":false},"author":7,"featured_media":17525,"comment_status":"open","ping_status":"open","sticky":false,"template":"","format":"standard","meta":{"footnotes":""},"categories":[5,24],"tags":[],"class_list":["post-71471","post","type-post","status-publish","format-standard","has-post-thumbnail","hentry","category-actualidad","category-ganaderia"],"_links":{"self":[{"href":"https:\/\/vinasfm.com\/noticias\/wp-json\/wp\/v2\/posts\/71471","targetHints":{"allow":["GET"]}}],"collection":[{"href":"https:\/\/vinasfm.com\/noticias\/wp-json\/wp\/v2\/posts"}],"about":[{"href":"https:\/\/vinasfm.com\/noticias\/wp-json\/wp\/v2\/types\/post"}],"author":[{"embeddable":true,"href":"https:\/\/vinasfm.com\/noticias\/wp-json\/wp\/v2\/users\/7"}],"replies":[{"embeddable":true,"href":"https:\/\/vinasfm.com\/noticias\/wp-json\/wp\/v2\/comments?post=71471"}],"version-history":[{"count":1,"href":"https:\/\/vinasfm.com\/noticias\/wp-json\/wp\/v2\/posts\/71471\/revisions"}],"predecessor-version":[{"id":71472,"href":"https:\/\/vinasfm.com\/noticias\/wp-json\/wp\/v2\/posts\/71471\/revisions\/71472"}],"wp:featuredmedia":[{"embeddable":true,"href":"https:\/\/vinasfm.com\/noticias\/wp-json\/wp\/v2\/media\/17525"}],"wp:attachment":[{"href":"https:\/\/vinasfm.com\/noticias\/wp-json\/wp\/v2\/media?parent=71471"}],"wp:term":[{"taxonomy":"category","embeddable":true,"href":"https:\/\/vinasfm.com\/noticias\/wp-json\/wp\/v2\/categories?post=71471"},{"taxonomy":"post_tag","embeddable":true,"href":"https:\/\/vinasfm.com\/noticias\/wp-json\/wp\/v2\/tags?post=71471"}],"curies":[{"name":"wp","href":"https:\/\/api.w.org\/{rel}","templated":true}]}}