{"id":71457,"date":"2020-06-18T08:49:17","date_gmt":"2020-06-18T11:49:17","guid":{"rendered":"http:\/\/vinasfm.com\/noticias\/?p=71457"},"modified":"2020-06-19T12:13:16","modified_gmt":"2020-06-19T15:13:16","slug":"marcolini-mantuvo-una-reunion-virtual-con-el-ministro-meoni-por-la-reactivacion-del-ferrocarril","status":"publish","type":"post","link":"https:\/\/vinasfm.com\/noticias\/marcolini-mantuvo-una-reunion-virtual-con-el-ministro-meoni-por-la-reactivacion-del-ferrocarril\/","title":{"rendered":"MARCOLINI MANTUVO UNA REUNI\u00d3N VIRTUAL CON EL MINISTRO MEONI POR LA REACTIVACI\u00d3N DEL FERROCARRIL"},"content":{"rendered":"<h4><strong>Durante la tarde de este mi\u00e9rcoles, el intendente Walther Marcolini se reuni\u00f3, a trav\u00e9s de Google Meet, con el Ministro de Transporte de la Naci\u00f3n Mario Meoni, adem\u00e1s de los intendentes que conforman el Consorcio Ferroviario Uni\u00f3n Pac\u00edfico y las provincias que est\u00e1n involucradas en este gran proyecto.<\/strong><\/h4>\n<p>El objetivo fue <strong>continuar trabajando en temas estructurales<\/strong> para el desarrollo de la regi\u00f3n, c<strong>omo lo es el ferrocarril<\/strong>, especialmente en el ramal Sarmiento y el tramo Realic\u00f3 &#8211; General Alvear, y de all\u00ed la conexi\u00f3n con San Mart\u00edn para llegar al departamento de Malarg\u00fce.<\/p>\n<p>De esta reuni\u00f3n participaron todas las provincias involucradas, Mendoza, La Pampa, San Luis y Buenos Aires, adem\u00e1s de los intendentes que son parte del Consorcio Ferroviario Uni\u00f3n &#8211; Pac\u00edfico, el intendente de Malarg\u00fce Juan Manuel Ojeda, el intendente de San Rafael Emir F\u00e9lix, el intendente de Uni\u00f3n junto a diputados de la Provincia de San Luis, el intendente de Ranc\u00fal, el intendente de Realic\u00f3 y el intendente de Mercedes (Provincia de Buenos Aires).<\/p>\n<p><a href=\"http:\/\/vinasfm.com\/noticias\/wp-content\/uploads\/2020\/06\/MARCOLINI-REUNION.jpg\"><img loading=\"lazy\" decoding=\"async\" class=\" wp-image-71460 alignleft\" src=\"http:\/\/vinasfm.com\/noticias\/wp-content\/uploads\/2020\/06\/MARCOLINI-REUNION-300x169.jpg\" alt=\"\" width=\"396\" height=\"223\" srcset=\"https:\/\/vinasfm.com\/noticias\/wp-content\/uploads\/2020\/06\/MARCOLINI-REUNION-300x169.jpg 300w, https:\/\/vinasfm.com\/noticias\/wp-content\/uploads\/2020\/06\/MARCOLINI-REUNION-1024x576.jpg 1024w, https:\/\/vinasfm.com\/noticias\/wp-content\/uploads\/2020\/06\/MARCOLINI-REUNION-768x432.jpg 768w, https:\/\/vinasfm.com\/noticias\/wp-content\/uploads\/2020\/06\/MARCOLINI-REUNION-750x420.jpg 750w, https:\/\/vinasfm.com\/noticias\/wp-content\/uploads\/2020\/06\/MARCOLINI-REUNION-1140x641.jpg 1140w, https:\/\/vinasfm.com\/noticias\/wp-content\/uploads\/2020\/06\/MARCOLINI-REUNION.jpg 1280w\" sizes=\"auto, (max-width: 396px) 100vw, 396px\" \/><\/a>\u00a0Tambi\u00e9n estuvieron presentes representantes de la UTE, con Luis Bolomo y su hijo por Energ\u00eda Patag\u00f3nica, una de las tres empresas que conforman esta UTE, representantes de las empresas chinas, autoridades del Consorcio Uni\u00f3n Pac\u00edfico, el Presidente del IAF, Pablo Martorelli y el Ministro de Transporte de la Naci\u00f3n Mario Meoni quien manifest\u00f3 la necesidad de avanzar prudentemente y a paso firme.<\/p>\n<p>Cabe recordar que esta obra consta de una i<strong>nversi\u00f3n de mil millones de d\u00f3lares, de los cuales el 85% es aportado por capitales chinos y el resto por la contraparte argentina<\/strong>. Otro de los puntos relevantes de la reuni\u00f3n fue pasar a un mejor estatus jur\u00eddico del que tiene hoy en d\u00eda el Consorcio sobre el ramal y trabajar la conexi\u00f3n General Alvear &#8211; Monte Com\u00e1n &#8211; Malarg\u00fce.<\/p>\n<p>\u201cLa importancia de este proyecto es que se transforme en un corredor bioce\u00e1nico, que pueda poner mercanc\u00edas del Atl\u00e1ntico en el Pac\u00edfico y viceversa, por eso ya estamos trabajando con gente de la regi\u00f3n del Maule. Es un proyecto ambicioso con posibilidades reales de m<strong>ejorar la competitividad de las econom\u00edas regionales, el costo del flete<\/strong> y en ese sentido entendemos que ha sido una reuni\u00f3n muy provechosa\u201d asegur\u00f3 el intendente Walther Marcolini.<\/p>\n<p>Actualmente existe un proyecto ejecutivo, que es fundamental para avanzar, durante los \u00faltimos 24 meses se trabaj\u00f3 arduamente para que los capitales chinos analizaran el plan de negocio, por ello es que han llegado m\u00e1s de cien personas chinas recorriendo el ramal, se logr\u00f3 la concreci\u00f3n de los contratos, firmados tanto en Beijing como en Argentina.<\/p>\n<p>\u201cSon pasos que hay que ir dando, pero era fundamental tener el inter\u00e9s del Estado Nacional, algo que se consigui\u00f3\u201d dijo el intendente quien agreg\u00f3 que el Ministro Mario Meoni fue intendente de Jun\u00edn, Provincia de Buenos Aires, e integr\u00f3 el Consorcio en sus inicios por lo que conoce la importancia de este proyecto.<\/p>\n<h5><strong><em>A.C.<\/em><\/strong><\/h5>\n","protected":false},"excerpt":{"rendered":"<p>Durante la tarde de este mi\u00e9rcoles, el intendente Walther Marcolini se reuni\u00f3, a trav\u00e9s de Google Meet, con el Ministro de &#8230;<\/p>\n","protected":false},"author":7,"featured_media":71461,"comment_status":"open","ping_status":"open","sticky":false,"template":"","format":"standard","meta":{"footnotes":""},"categories":[5,7],"tags":[],"class_list":["post-71457","post","type-post","status-publish","format-standard","has-post-thumbnail","hentry","category-actualidad","category-politica"],"_links":{"self":[{"href":"https:\/\/vinasfm.com\/noticias\/wp-json\/wp\/v2\/posts\/71457","targetHints":{"allow":["GET"]}}],"collection":[{"href":"https:\/\/vinasfm.com\/noticias\/wp-json\/wp\/v2\/posts"}],"about":[{"href":"https:\/\/vinasfm.com\/noticias\/wp-json\/wp\/v2\/types\/post"}],"author":[{"embeddable":true,"href":"https:\/\/vinasfm.com\/noticias\/wp-json\/wp\/v2\/users\/7"}],"replies":[{"embeddable":true,"href":"https:\/\/vinasfm.com\/noticias\/wp-json\/wp\/v2\/comments?post=71457"}],"version-history":[{"count":1,"href":"https:\/\/vinasfm.com\/noticias\/wp-json\/wp\/v2\/posts\/71457\/revisions"}],"predecessor-version":[{"id":71462,"href":"https:\/\/vinasfm.com\/noticias\/wp-json\/wp\/v2\/posts\/71457\/revisions\/71462"}],"wp:featuredmedia":[{"embeddable":true,"href":"https:\/\/vinasfm.com\/noticias\/wp-json\/wp\/v2\/media\/71461"}],"wp:attachment":[{"href":"https:\/\/vinasfm.com\/noticias\/wp-json\/wp\/v2\/media?parent=71457"}],"wp:term":[{"taxonomy":"category","embeddable":true,"href":"https:\/\/vinasfm.com\/noticias\/wp-json\/wp\/v2\/categories?post=71457"},{"taxonomy":"post_tag","embeddable":true,"href":"https:\/\/vinasfm.com\/noticias\/wp-json\/wp\/v2\/tags?post=71457"}],"curies":[{"name":"wp","href":"https:\/\/api.w.org\/{rel}","templated":true}]}}