{"id":71413,"date":"2020-06-18T09:57:18","date_gmt":"2020-06-18T12:57:18","guid":{"rendered":"http:\/\/vinasfm.com\/noticias\/?p=71413"},"modified":"2020-06-19T09:56:17","modified_gmt":"2020-06-19T12:56:17","slug":"el-domingo-28-se-come-carne-a-la-masa-elaborada-por-amaf-como-participar","status":"publish","type":"post","link":"https:\/\/vinasfm.com\/noticias\/el-domingo-28-se-come-carne-a-la-masa-elaborada-por-amaf-como-participar\/","title":{"rendered":"EL DOMINGO 28 SE COME &#8216;CARNE A LA MASA&#8217; ELABORADA POR AMAF: C\u00d3MO PARTICIPAR"},"content":{"rendered":"<h4><strong>AMAF (Asociaci\u00f3n de Mujeres en apoyo a la Familia) est\u00e1n organizando para el domingo 28 de junio la venta de carne a la masa con papas con el fin de saldar gastos comunes como impuestos y refacciones, monto que suele alcanzar los $50 mil mensuales.<\/strong><\/h4>\n<p><strong><em>\u201cLa porci\u00f3n ser\u00e1 de un kilo para dos personas\u201d<\/em><\/strong> se\u00f1al\u00f3 la presidente de AMAF, <strong>Mar\u00eda V\u00e1squez<\/strong>, en el aire de <strong>F.M. Vi\u00f1as<\/strong>: \u201c<strong><em>Las tarjetas tienen un valor de $600 y se entregar\u00e1n a partir de las 12:30h en el Jard\u00edn \u2018Mercedes de San Mart\u00edn, en calle 9 de Julio al 445<\/em><\/strong>\u201d, subray\u00f3 \u2018Chola\u2019.<\/p>\n<p>En la misma l\u00ednea destac\u00f3 que \u201c<strong><em>ser\u00e1n entregadas en porciones individuales en bandejas cubiertas con una lamina de aluminio para que se conserve el calor<\/em><\/strong>\u201d.<\/p>\n<p>Al ser consultada por las ventas manifest\u00f3 que \u201c<strong><em>la gente est\u00e1 colaborando mucho y eso lo valoramos mucho y por eso invitamos a los alvearenses a que puedan colaborar<\/em><\/strong><em>. <strong>Quedan pocas tarjetas<\/strong> y para obtenerlas pueden comunicarse con nosotras<\/em>\u201d.<\/p>\n<p>Finalmente agradeci\u00f3 a la Municipalidad por la ayuda econ\u00f3mica que destina a la asociaci\u00f3n para sostener los cuatro jardines que administran y a todo el grupo de personas comprometidas \u201c<em>en esta y todas las actividades en las que donan los insumos y colaboran en todo sentido<\/em>\u201d.<\/p>\n<h5><em>F.B. (F.M. Vi\u00f1as).<\/em><\/h5>\n","protected":false},"excerpt":{"rendered":"<p>AMAF (Asociaci\u00f3n de Mujeres en apoyo a la Familia) est\u00e1n organizando para el domingo 28 de junio la venta de carne &#8230;<\/p>\n","protected":false},"author":8,"featured_media":71414,"comment_status":"open","ping_status":"open","sticky":false,"template":"","format":"standard","meta":{"footnotes":""},"categories":[5,11],"tags":[],"class_list":["post-71413","post","type-post","status-publish","format-standard","has-post-thumbnail","hentry","category-actualidad","category-sociales"],"_links":{"self":[{"href":"https:\/\/vinasfm.com\/noticias\/wp-json\/wp\/v2\/posts\/71413","targetHints":{"allow":["GET"]}}],"collection":[{"href":"https:\/\/vinasfm.com\/noticias\/wp-json\/wp\/v2\/posts"}],"about":[{"href":"https:\/\/vinasfm.com\/noticias\/wp-json\/wp\/v2\/types\/post"}],"author":[{"embeddable":true,"href":"https:\/\/vinasfm.com\/noticias\/wp-json\/wp\/v2\/users\/8"}],"replies":[{"embeddable":true,"href":"https:\/\/vinasfm.com\/noticias\/wp-json\/wp\/v2\/comments?post=71413"}],"version-history":[{"count":1,"href":"https:\/\/vinasfm.com\/noticias\/wp-json\/wp\/v2\/posts\/71413\/revisions"}],"predecessor-version":[{"id":71416,"href":"https:\/\/vinasfm.com\/noticias\/wp-json\/wp\/v2\/posts\/71413\/revisions\/71416"}],"wp:featuredmedia":[{"embeddable":true,"href":"https:\/\/vinasfm.com\/noticias\/wp-json\/wp\/v2\/media\/71414"}],"wp:attachment":[{"href":"https:\/\/vinasfm.com\/noticias\/wp-json\/wp\/v2\/media?parent=71413"}],"wp:term":[{"taxonomy":"category","embeddable":true,"href":"https:\/\/vinasfm.com\/noticias\/wp-json\/wp\/v2\/categories?post=71413"},{"taxonomy":"post_tag","embeddable":true,"href":"https:\/\/vinasfm.com\/noticias\/wp-json\/wp\/v2\/tags?post=71413"}],"curies":[{"name":"wp","href":"https:\/\/api.w.org\/{rel}","templated":true}]}}