{"id":71382,"date":"2020-06-17T05:58:35","date_gmt":"2020-06-17T08:58:35","guid":{"rendered":"http:\/\/vinasfm.com\/noticias\/?p=71382"},"modified":"2020-06-18T07:04:29","modified_gmt":"2020-06-18T10:04:29","slug":"ante-el-aumento-de-los-casos-de-coronavirus-el-gobierno-de-mendoza-analiza-dar-marcha-atras-con-las-flexibilizaciones","status":"publish","type":"post","link":"https:\/\/vinasfm.com\/noticias\/ante-el-aumento-de-los-casos-de-coronavirus-el-gobierno-de-mendoza-analiza-dar-marcha-atras-con-las-flexibilizaciones\/","title":{"rendered":"ANTE EL AUMENTO DE LOS CASOS DE CORONAVIRUS EL GOBIERNO DE MENDOZA ANALIZA DAR MARCHA ATR\u00c1S CON LAS FLEXIBILIZACIONES"},"content":{"rendered":"<h4><strong>El brote de contagios detectado en los \u00faltimos d\u00edas, oblig\u00f3 a las autoridades provinciales a analizar dr\u00e1sticas medidas en el combate contra el coronavirus. Este martes se multiplicaron las reuniones entre funcionarios y especialistas sanitarios para definir los pr\u00f3ximos pasos que, de confirmarse, ser\u00e1n \u00abantip\u00e1ticos\u00bb, seg\u00fan admiten en Casa de Gobierno.<\/strong><\/h4>\n<p>El gobernador Rodolfo Suarez eval\u00faa por estas horas retroceder a la fase de aislamiento social, preventivo y obligatorio (ASPO). Mendoza sali\u00f3 de all\u00ed el pasado martes 9 de junio porque, aparentemente, el coronavirus estaba bajo control en la provincia. Pero los contagios en Maip\u00fa cambiaron dr\u00e1sticamente en panorama. Tanto que las autoridades ya no son tan contundentes al negar que exista circulaci\u00f3n comunitaria del virus en la provincia.<\/p>\n<p>Volver al ASPO significar\u00eda, entre otras limitaciones, <strong>restringir nuevamente las salidas por la terminaci\u00f3n del DNI, prohibir las reuniones de amigos y limitar los encuentros familiares a\u00a0los fines de semanas y feriados<\/strong>.\u00a0En cambio, <strong>se mantendr\u00edan las habilitaciones para actividades econ\u00f3micas y el turismo interno.<\/strong><\/p>\n<h5><strong><em>A.C.<\/em><\/strong><\/h5>\n","protected":false},"excerpt":{"rendered":"<p>El brote de contagios detectado en los \u00faltimos d\u00edas, oblig\u00f3 a las autoridades provinciales a analizar dr\u00e1sticas medidas en el combate &#8230;<\/p>\n","protected":false},"author":7,"featured_media":70369,"comment_status":"open","ping_status":"open","sticky":false,"template":"","format":"standard","meta":{"footnotes":""},"categories":[1],"tags":[],"class_list":["post-71382","post","type-post","status-publish","format-standard","has-post-thumbnail","hentry","category-fmvinas"],"_links":{"self":[{"href":"https:\/\/vinasfm.com\/noticias\/wp-json\/wp\/v2\/posts\/71382","targetHints":{"allow":["GET"]}}],"collection":[{"href":"https:\/\/vinasfm.com\/noticias\/wp-json\/wp\/v2\/posts"}],"about":[{"href":"https:\/\/vinasfm.com\/noticias\/wp-json\/wp\/v2\/types\/post"}],"author":[{"embeddable":true,"href":"https:\/\/vinasfm.com\/noticias\/wp-json\/wp\/v2\/users\/7"}],"replies":[{"embeddable":true,"href":"https:\/\/vinasfm.com\/noticias\/wp-json\/wp\/v2\/comments?post=71382"}],"version-history":[{"count":1,"href":"https:\/\/vinasfm.com\/noticias\/wp-json\/wp\/v2\/posts\/71382\/revisions"}],"predecessor-version":[{"id":71383,"href":"https:\/\/vinasfm.com\/noticias\/wp-json\/wp\/v2\/posts\/71382\/revisions\/71383"}],"wp:featuredmedia":[{"embeddable":true,"href":"https:\/\/vinasfm.com\/noticias\/wp-json\/wp\/v2\/media\/70369"}],"wp:attachment":[{"href":"https:\/\/vinasfm.com\/noticias\/wp-json\/wp\/v2\/media?parent=71382"}],"wp:term":[{"taxonomy":"category","embeddable":true,"href":"https:\/\/vinasfm.com\/noticias\/wp-json\/wp\/v2\/categories?post=71382"},{"taxonomy":"post_tag","embeddable":true,"href":"https:\/\/vinasfm.com\/noticias\/wp-json\/wp\/v2\/tags?post=71382"}],"curies":[{"name":"wp","href":"https:\/\/api.w.org\/{rel}","templated":true}]}}