{"id":71377,"date":"2020-06-17T06:02:33","date_gmt":"2020-06-17T09:02:33","guid":{"rendered":"http:\/\/vinasfm.com\/noticias\/?p=71377"},"modified":"2020-06-19T12:14:30","modified_gmt":"2020-06-19T15:14:30","slug":"cobos-pide-medidas-para-garantizar-el-aguinaldo-del-sector-privado","status":"publish","type":"post","link":"https:\/\/vinasfm.com\/noticias\/cobos-pide-medidas-para-garantizar-el-aguinaldo-del-sector-privado\/","title":{"rendered":"COBOS PIDE MEDIDAS PARA GARANTIZAR EL AGUINALDO DEL SECTOR PRIVADO"},"content":{"rendered":"<p><strong>El senador Julio Cobos present\u00f3 una iniciativa para que el Poder Ejecutivo, en forma urgente y en el marco de la emergencia sanitaria que vive el pa\u00eds por la COVID-19, ampl\u00ede en un 50% de los fondos que el Programa de Asistencia de Emergencia al Trabajo y la Producci\u00f3n (ATP) distribuye a los\u00a0empleados del sector privado\u00a0por el mes de junio de 2020, a fin de garantizar el pago de la cuota de junio del Sueldo Anual Complementario.<\/strong><\/p>\n<p>El exvicepresidente de la naci\u00f3n explic\u00f3 que\u00a0<i>\u201cla paralizacion de la actividad productiva provocada por la pandemia ha impactado con dureza en los ingresos de las empresas y crea incertidumbre en los empleados. Es por ello que solicitamos para el mes de junio, la ampliaci\u00f3n de los fondos del Programa de Asistencia de Emergencia al Trabajo y la Producci\u00f3n a los empleados del sector privado en un 50%, para que puedan cobrar el aguinaldo\u201d.<\/i><\/p>\n<p><i>\u201cEl Gobierno cre\u00f3 el ATP que entre sus beneficios figura el salario complementario, que consiste en una asignaci\u00f3n que hoy perciben 1.800.000 trabajadores del sector privado y que abona el Estado Nacional. Primero se contemplaba como un aporte extraordinario para el pago de los salarios de abril, luego para los de mayo y hoy se est\u00e1n realizando los ajustes para el salario de junio, pero se est\u00e1 excluyendo al aguinaldo. Solicitamos que esto no sea as\u00ed y se contemple tambi\u00e9n los montos necesarios para el pago del aguinaldo\u201d.\u00a0<\/i><\/p>\n<p>Cobos se\u00f1al\u00f3 que\u00a0<i>\u201cproducto del parate generado por el asilamiento ordenado por el Estado para evitar la propagaci\u00f3n del coronavirus, las arcas de las empresas est\u00e1n exhaustas y no subsidiar el pago del medio aguinaldo repercutir\u00e1 negativamente en toda la econom\u00eda, postergando otros pagos, incluidos los tributarios. Por ello, solicito que se asista al sector privado para el pago de la cuota correspondiente del Sueldo Anual Complemetario\u201d.<\/i><\/p>\n<h5><strong><em>A.C.<\/em><\/strong><\/h5>\n","protected":false},"excerpt":{"rendered":"<p>El senador Julio Cobos present\u00f3 una iniciativa para que el Poder Ejecutivo, en forma urgente y en el marco de la &#8230;<\/p>\n","protected":false},"author":7,"featured_media":8050,"comment_status":"open","ping_status":"open","sticky":false,"template":"","format":"standard","meta":{"footnotes":""},"categories":[5,16,7],"tags":[],"class_list":["post-71377","post","type-post","status-publish","format-standard","has-post-thumbnail","hentry","category-actualidad","category-economia","category-politica"],"_links":{"self":[{"href":"https:\/\/vinasfm.com\/noticias\/wp-json\/wp\/v2\/posts\/71377","targetHints":{"allow":["GET"]}}],"collection":[{"href":"https:\/\/vinasfm.com\/noticias\/wp-json\/wp\/v2\/posts"}],"about":[{"href":"https:\/\/vinasfm.com\/noticias\/wp-json\/wp\/v2\/types\/post"}],"author":[{"embeddable":true,"href":"https:\/\/vinasfm.com\/noticias\/wp-json\/wp\/v2\/users\/7"}],"replies":[{"embeddable":true,"href":"https:\/\/vinasfm.com\/noticias\/wp-json\/wp\/v2\/comments?post=71377"}],"version-history":[{"count":1,"href":"https:\/\/vinasfm.com\/noticias\/wp-json\/wp\/v2\/posts\/71377\/revisions"}],"predecessor-version":[{"id":71378,"href":"https:\/\/vinasfm.com\/noticias\/wp-json\/wp\/v2\/posts\/71377\/revisions\/71378"}],"wp:featuredmedia":[{"embeddable":true,"href":"https:\/\/vinasfm.com\/noticias\/wp-json\/wp\/v2\/media\/8050"}],"wp:attachment":[{"href":"https:\/\/vinasfm.com\/noticias\/wp-json\/wp\/v2\/media?parent=71377"}],"wp:term":[{"taxonomy":"category","embeddable":true,"href":"https:\/\/vinasfm.com\/noticias\/wp-json\/wp\/v2\/categories?post=71377"},{"taxonomy":"post_tag","embeddable":true,"href":"https:\/\/vinasfm.com\/noticias\/wp-json\/wp\/v2\/tags?post=71377"}],"curies":[{"name":"wp","href":"https:\/\/api.w.org\/{rel}","templated":true}]}}