{"id":71313,"date":"2020-06-16T00:40:25","date_gmt":"2020-06-16T03:40:25","guid":{"rendered":"http:\/\/vinasfm.com\/noticias\/?p=71313"},"modified":"2020-06-17T07:44:43","modified_gmt":"2020-06-17T10:44:43","slug":"semana-fria-y-con-nevadas-en-cordillera","status":"publish","type":"post","link":"https:\/\/vinasfm.com\/noticias\/semana-fria-y-con-nevadas-en-cordillera\/","title":{"rendered":"SEMANA FR\u00cdA Y CON NEVADAS EN CORDILLERA"},"content":{"rendered":"<h4><strong>Este martes se presentar\u00e1 con tiempo fr\u00edo en la ma\u00f1ana y templado en la tarde, de acuerdo al pron\u00f3stico emitido por el Ing. Ra\u00fal Besa. \u201cAlgo inestable con nubosidad variable a soleado y con poco cambio de la temperatura m\u00e1xima (19\u00baC para General Alvear); vientos predominantes del sur y sudeste. Inestable en cordillera con temporal de viento y nevadas\u201d, completa.\u00a0<\/strong><\/h4>\n<p>Para ma\u00f1ana mi\u00e9rcoles se indican heladas d\u00e9biles, con tiempo fr\u00edo a fresco en la ma\u00f1ana y templado en la tarde. Algo inestable con nubosidad variable y leve descenso de la temperatura m\u00e1xima (16\u00baC); vientos predominantes del sur y sudeste. Inestable en cordillera con temporal de viento y nevadas.<\/p>\n<p>El jueves, heladas, tiempo fr\u00edo a fresco en la ma\u00f1ana y templado en la tarde. Parcialmente nublado a soleado con poco cambio de la temperatura m\u00e1xima (17\u00baC a 18\u00baC), vientos predominantes del norte y noroeste. Inestable en cordillera con temporal de viento y nevadas (20 a 40 cm).<\/p>\n<p>Para el viernes tambi\u00e9n se anuncian heladas. Tiempo fr\u00edo en la ma\u00f1ana y fresco en la tarde, bueno y soleado con poco cambio de la temperatura m\u00e1xima (18\u00baC), vientos predominantes del norte y noroeste. Inestable en cordillera con nevadas y vientos moderados del oeste y noroeste.<\/p>\n<h5><strong><em>A.C.<\/em><\/strong><\/h5>\n","protected":false},"excerpt":{"rendered":"<p>Este martes se presentar\u00e1 con tiempo fr\u00edo en la ma\u00f1ana y templado en la tarde, de acuerdo al pron\u00f3stico emitido por &#8230;<\/p>\n","protected":false},"author":7,"featured_media":31766,"comment_status":"open","ping_status":"open","sticky":false,"template":"","format":"standard","meta":{"footnotes":""},"categories":[5,36],"tags":[],"class_list":["post-71313","post","type-post","status-publish","format-standard","has-post-thumbnail","hentry","category-actualidad","category-pronostico"],"_links":{"self":[{"href":"https:\/\/vinasfm.com\/noticias\/wp-json\/wp\/v2\/posts\/71313","targetHints":{"allow":["GET"]}}],"collection":[{"href":"https:\/\/vinasfm.com\/noticias\/wp-json\/wp\/v2\/posts"}],"about":[{"href":"https:\/\/vinasfm.com\/noticias\/wp-json\/wp\/v2\/types\/post"}],"author":[{"embeddable":true,"href":"https:\/\/vinasfm.com\/noticias\/wp-json\/wp\/v2\/users\/7"}],"replies":[{"embeddable":true,"href":"https:\/\/vinasfm.com\/noticias\/wp-json\/wp\/v2\/comments?post=71313"}],"version-history":[{"count":1,"href":"https:\/\/vinasfm.com\/noticias\/wp-json\/wp\/v2\/posts\/71313\/revisions"}],"predecessor-version":[{"id":71314,"href":"https:\/\/vinasfm.com\/noticias\/wp-json\/wp\/v2\/posts\/71313\/revisions\/71314"}],"wp:featuredmedia":[{"embeddable":true,"href":"https:\/\/vinasfm.com\/noticias\/wp-json\/wp\/v2\/media\/31766"}],"wp:attachment":[{"href":"https:\/\/vinasfm.com\/noticias\/wp-json\/wp\/v2\/media?parent=71313"}],"wp:term":[{"taxonomy":"category","embeddable":true,"href":"https:\/\/vinasfm.com\/noticias\/wp-json\/wp\/v2\/categories?post=71313"},{"taxonomy":"post_tag","embeddable":true,"href":"https:\/\/vinasfm.com\/noticias\/wp-json\/wp\/v2\/tags?post=71313"}],"curies":[{"name":"wp","href":"https:\/\/api.w.org\/{rel}","templated":true}]}}