{"id":71242,"date":"2020-06-15T04:45:23","date_gmt":"2020-06-15T07:45:23","guid":{"rendered":"http:\/\/vinasfm.com\/noticias\/?p=71242"},"modified":"2020-06-16T12:35:45","modified_gmt":"2020-06-16T15:35:45","slug":"bowen-una-moto-y-un-vehiculo-colisionaron-en-av-sarmiento-y-mitre","status":"publish","type":"post","link":"https:\/\/vinasfm.com\/noticias\/bowen-una-moto-y-un-vehiculo-colisionaron-en-av-sarmiento-y-mitre\/","title":{"rendered":"BOWEN: UNA MOTO Y UN VEH\u00cdCULO COLISIONARON EN AV. SARMIENTO Y MITRE"},"content":{"rendered":"<h4><strong>En horas del mediod\u00eda de este domingo, un motociclista termin\u00f3 con varios golpes luego de colisionar con un veh\u00edculo en el microcentro de Bowen.<\/strong><\/h4>\n<p>Ocurri\u00f3 en la <strong>intersecci\u00f3n de Avenida Sarmiento y calle Mitre<\/strong> cerca de las <strong>12:30h<\/strong>, cuando un <strong>auto marca VW<\/strong>\u00a0al mando de un hombre de apellido <em>Andrade<\/em> (<em>48<\/em>) se desplazaba por Mitre hacia el este. Al girar por la principal arteria del distrito del este, impact\u00f3 con una moto <strong>marca Guerrero 110cc<\/strong>\u00a0que circulaba hacia el sur.<\/p>\n<p>Producto del impacto, el conductor del rodado menor, de apellido Freir\u00e9 (19), cay\u00f3 pesadamente sobre el pavimento provoc\u00e1ndole <strong><em>politraumatismos<\/em><\/strong>. En ambulancia fue trasladado al Hospital Regional donde fue asistido y a posterior dado de alta.<\/p>\n<p>En Comisar\u00eda 46\u00b0 se labraron actuaciones en averiguaci\u00f3n de los hechos bajo instrucci\u00f3n de la Unidad Fiscal de Bowen.<\/p>\n<h5><em>\u2022F.B. (F.M. Vi\u00f1as).<\/em><\/h5>\n","protected":false},"excerpt":{"rendered":"<p>En horas del mediod\u00eda de este domingo, un motociclista termin\u00f3 con varios golpes luego de colisionar con un veh\u00edculo en el &#8230;<\/p>\n","protected":false},"author":8,"featured_media":50756,"comment_status":"open","ping_status":"open","sticky":false,"template":"","format":"standard","meta":{"footnotes":""},"categories":[5,4],"tags":[],"class_list":["post-71242","post","type-post","status-publish","format-standard","has-post-thumbnail","hentry","category-actualidad","category-policiales"],"_links":{"self":[{"href":"https:\/\/vinasfm.com\/noticias\/wp-json\/wp\/v2\/posts\/71242","targetHints":{"allow":["GET"]}}],"collection":[{"href":"https:\/\/vinasfm.com\/noticias\/wp-json\/wp\/v2\/posts"}],"about":[{"href":"https:\/\/vinasfm.com\/noticias\/wp-json\/wp\/v2\/types\/post"}],"author":[{"embeddable":true,"href":"https:\/\/vinasfm.com\/noticias\/wp-json\/wp\/v2\/users\/8"}],"replies":[{"embeddable":true,"href":"https:\/\/vinasfm.com\/noticias\/wp-json\/wp\/v2\/comments?post=71242"}],"version-history":[{"count":1,"href":"https:\/\/vinasfm.com\/noticias\/wp-json\/wp\/v2\/posts\/71242\/revisions"}],"predecessor-version":[{"id":71244,"href":"https:\/\/vinasfm.com\/noticias\/wp-json\/wp\/v2\/posts\/71242\/revisions\/71244"}],"wp:featuredmedia":[{"embeddable":true,"href":"https:\/\/vinasfm.com\/noticias\/wp-json\/wp\/v2\/media\/50756"}],"wp:attachment":[{"href":"https:\/\/vinasfm.com\/noticias\/wp-json\/wp\/v2\/media?parent=71242"}],"wp:term":[{"taxonomy":"category","embeddable":true,"href":"https:\/\/vinasfm.com\/noticias\/wp-json\/wp\/v2\/categories?post=71242"},{"taxonomy":"post_tag","embeddable":true,"href":"https:\/\/vinasfm.com\/noticias\/wp-json\/wp\/v2\/tags?post=71242"}],"curies":[{"name":"wp","href":"https:\/\/api.w.org\/{rel}","templated":true}]}}