{"id":71177,"date":"2020-06-13T09:17:50","date_gmt":"2020-06-13T12:17:50","guid":{"rendered":"http:\/\/vinasfm.com\/noticias\/?p=71177"},"modified":"2020-06-15T11:46:44","modified_gmt":"2020-06-15T14:46:44","slug":"informacion-para-beneficiarios-del-programa-progresar","status":"publish","type":"post","link":"https:\/\/vinasfm.com\/noticias\/informacion-para-beneficiarios-del-programa-progresar\/","title":{"rendered":"INFORMACI\u00d3N PARA BENEFICIARIOS DEL PROGRAMA PROGRESAR"},"content":{"rendered":"<h4><strong>La Direcci\u00f3n General de Escuelas pone a disposici\u00f3n de las y los estudiantes beneficiarios del Programa Progresar gu\u00edas de pregunta frecuente en la cual podr\u00e1n encontrar informaci\u00f3n relevante del programa en sus l\u00edneas para educaci\u00f3n obligatoria y nivel superior.<\/strong><\/h4>\n<p>Cabe recordar que el <strong>Programa de Respaldo a Estudiantes de Argentina PROGRESAR<\/strong> te permite empezar o completar tus estudios de nivel primario, secundario, superior, universitario, centros habilitados del <strong>Plan Fines<\/strong> del Ministerio de Educaci\u00f3n, bachilleratos populares y Centros de Formaci\u00f3n Profesional registrados ante dicho Ministerio o el Ministerio de Trabajo.<\/p>\n<p>El programa <strong>est\u00e1 dirigido a j\u00f3venes entre 18 y 24 a\u00f1os inclusive<\/strong>, que est\u00e9n inscriptos o asistan a instituciones educativas habilitadas y se encuentren en alguna de estas situaciones:<\/p>\n<ul>\n<li><strong>est\u00e9n desocupados<\/strong><\/li>\n<li><strong>sean trabajadores formales en relaci\u00f3n de dependencia<\/strong><\/li>\n<li><strong>sean trabajadores de temporada con reserva de puesto de trabajo<\/strong><\/li>\n<li><strong>se desempe\u00f1en en la econom\u00eda informal<\/strong><\/li>\n<li><strong>sean monotributistas sociales<\/strong><\/li>\n<li><strong>sean trabajadores del servicio dom\u00e9stico<\/strong><\/li>\n<li><strong>sean titulares de la prestaci\u00f3n por desempleo<\/strong><\/li>\n<li><strong>sean aut\u00f3nomos o monotributistas<\/strong><\/li>\n<li><strong>perciban una jubilaci\u00f3n o pensi\u00f3n o una pensi\u00f3n no contributiva nacional, provincial o municipal<\/strong><\/li>\n<li><strong>sean titulares de la Asignaci\u00f3n Universal por Hijo o por Embarazo para Protecci\u00f3n Social<\/strong><\/li>\n<\/ul>\n<p>En todos los casos <strong>el ingreso<\/strong> <strong>del titular debe ser inferior o igual al valor de 3 (tres)<\/strong> <strong>salarios m\u00ednimos, vitales y m\u00f3viles<\/strong>. Las mismas condiciones se aplican al grupo familiar.<\/p>\n<p>En el marco del Dispositivo de Acompa\u00f1amiento a las Trayectorias Estudiantiles, tambi\u00e9n les presentamos y ponemos a disposici\u00f3n la Gu\u00eda para becarios y becarias Progresar de formaci\u00f3n docente que brinda detalladamente informaci\u00f3n de progresar, informaci\u00f3n para los becarios, gu\u00eda de reclamos e informaci\u00f3n adicional relevante.<\/p>\n<p>Ante dudas o reclamos respecto de becas progresar comunicarse con Pol\u00edticas Estudiantiles a trav\u00e9s del correo electr\u00f3nico\u00a0<a href=\"mailto:politicasestudiantilesmdz@gmail.com\">politicasestudiantilesmdz@gmail.com<\/a>\u00a0o por Facebook:\u00a0<a href=\"https:\/\/www.facebook.com\/PoliticasEstudiantilesMendoza\/\">Pol\u00edticas Estudiantiles Mendoza<\/a>.<\/p>\n<p>Para m\u00e1s informaci\u00f3n ingresar\u00a0<a href=\"http:\/\/www.mendoza.edu.ar\/wp-content\/uploads\/2020\/06\/consultas_frecuentes_progresar_superior_01.pdf\">aqu\u00ed<\/a>\u00a0y\/o\u00a0<a href=\"http:\/\/www.mendoza.edu.ar\/wp-content\/uploads\/2020\/06\/consultas_frecuentes_progresar_obligatorio_02.pdf\">aqu\u00ed<\/a><\/p>\n<h5><em>F.B. (F.M. Vi\u00f1as).<\/em><\/h5>\n","protected":false},"excerpt":{"rendered":"<p>La Direcci\u00f3n General de Escuelas pone a disposici\u00f3n de las y los estudiantes beneficiarios del Programa Progresar gu\u00edas de pregunta frecuente &#8230;<\/p>\n","protected":false},"author":8,"featured_media":68188,"comment_status":"open","ping_status":"open","sticky":false,"template":"","format":"standard","meta":{"footnotes":""},"categories":[5,18],"tags":[],"class_list":["post-71177","post","type-post","status-publish","format-standard","has-post-thumbnail","hentry","category-actualidad","category-educacion"],"_links":{"self":[{"href":"https:\/\/vinasfm.com\/noticias\/wp-json\/wp\/v2\/posts\/71177","targetHints":{"allow":["GET"]}}],"collection":[{"href":"https:\/\/vinasfm.com\/noticias\/wp-json\/wp\/v2\/posts"}],"about":[{"href":"https:\/\/vinasfm.com\/noticias\/wp-json\/wp\/v2\/types\/post"}],"author":[{"embeddable":true,"href":"https:\/\/vinasfm.com\/noticias\/wp-json\/wp\/v2\/users\/8"}],"replies":[{"embeddable":true,"href":"https:\/\/vinasfm.com\/noticias\/wp-json\/wp\/v2\/comments?post=71177"}],"version-history":[{"count":1,"href":"https:\/\/vinasfm.com\/noticias\/wp-json\/wp\/v2\/posts\/71177\/revisions"}],"predecessor-version":[{"id":71178,"href":"https:\/\/vinasfm.com\/noticias\/wp-json\/wp\/v2\/posts\/71177\/revisions\/71178"}],"wp:featuredmedia":[{"embeddable":true,"href":"https:\/\/vinasfm.com\/noticias\/wp-json\/wp\/v2\/media\/68188"}],"wp:attachment":[{"href":"https:\/\/vinasfm.com\/noticias\/wp-json\/wp\/v2\/media?parent=71177"}],"wp:term":[{"taxonomy":"category","embeddable":true,"href":"https:\/\/vinasfm.com\/noticias\/wp-json\/wp\/v2\/categories?post=71177"},{"taxonomy":"post_tag","embeddable":true,"href":"https:\/\/vinasfm.com\/noticias\/wp-json\/wp\/v2\/tags?post=71177"}],"curies":[{"name":"wp","href":"https:\/\/api.w.org\/{rel}","templated":true}]}}