{"id":71168,"date":"2020-06-15T06:20:12","date_gmt":"2020-06-15T09:20:12","guid":{"rendered":"http:\/\/vinasfm.com\/noticias\/?p=71168"},"modified":"2020-07-12T11:18:30","modified_gmt":"2020-07-12T14:18:30","slug":"conmocion-en-villa-atuel-por-posible-caso-de-violacion","status":"publish","type":"post","link":"https:\/\/vinasfm.com\/noticias\/conmocion-en-villa-atuel-por-posible-caso-de-violacion\/","title":{"rendered":"CONMOCI\u00d3N EN VILLA ATUEL POR POSIBLE CASO DE VIOLACI\u00d3N: HAY UN DETENIDO"},"content":{"rendered":"<h4><strong>En horas de la noche de este viernes, un hecho conmocion\u00f3 a los vecinos de Villa Atuel y se generaron momentos de gran tensi\u00f3n en Comisar\u00eda 26\u00b0, luego de que una familia denunciara a un joven de 20 a\u00f1os por abusar de su prima, una chica discapacitada de 19 a\u00f1os.<\/strong><\/h4>\n<p>Las vejaciones <strong>se habr\u00edan producido durante la tarde del viernes en la vivienda del posible autor del hecho<\/strong>, quien es oriundo de San Luis pero reside en la localidad sanrafaelina desde hace tiempo.<\/p>\n<p>Tras enterarse de lo sucedido, los familiares m\u00e1s allegados a la v\u00edctima radicaron la denuncia en la seccional policial por lo que <strong>los uniformados capturaron al acusado, <\/strong>bajo directivas de la Unidad Fiscal.<\/p>\n<p>La Dra. Silvia Aguero, ayudante fiscal de turno, instruye <strong>la causa que se encuentra en periodo de investigaciones. <\/strong>Tras su detenci\u00f3n, el sujeto qued\u00f3 alojado en la <strong>Comisar\u00eda 26\u00aa<\/strong> en el marco de una causa caratulada como \u00ab<em><strong>abuso sexual agravado<\/strong><\/em>\u00ab.<\/p>\n<p>Ahora es la <strong>Unidad Fiscal de Violencia de G\u00e9nero y Delitos contra la Integridad Sexual<\/strong> la que investiga. En tanto, al conocer de su detenci\u00f3n, familiares de la joven se acercaron a la seccional policial, lo que gener\u00f3 una situaci\u00f3n de gran tensi\u00f3n.<\/p>\n<p>Ser\u00e1 trascendental para el avance de la causa y futuro del imputado, <strong>el resultado de las pericias del Cuerpo Medico Forense<\/strong>, que se realizaron el s\u00e1bado pero debido al cerrojo informativo por parte de las autoridades intervinientes no se sabe con precisi\u00f3n si el acto fue materializado o no.<\/p>\n<h5><em>\u2022F.B. (F.M. Vi\u00f1as).<\/em><\/h5>\n","protected":false},"excerpt":{"rendered":"<p>En horas de la noche de este viernes, un hecho conmocion\u00f3 a los vecinos de Villa Atuel y se generaron momentos &#8230;<\/p>\n","protected":false},"author":8,"featured_media":219,"comment_status":"open","ping_status":"open","sticky":false,"template":"","format":"standard","meta":{"footnotes":""},"categories":[5,4],"tags":[],"class_list":["post-71168","post","type-post","status-publish","format-standard","has-post-thumbnail","hentry","category-actualidad","category-policiales"],"_links":{"self":[{"href":"https:\/\/vinasfm.com\/noticias\/wp-json\/wp\/v2\/posts\/71168","targetHints":{"allow":["GET"]}}],"collection":[{"href":"https:\/\/vinasfm.com\/noticias\/wp-json\/wp\/v2\/posts"}],"about":[{"href":"https:\/\/vinasfm.com\/noticias\/wp-json\/wp\/v2\/types\/post"}],"author":[{"embeddable":true,"href":"https:\/\/vinasfm.com\/noticias\/wp-json\/wp\/v2\/users\/8"}],"replies":[{"embeddable":true,"href":"https:\/\/vinasfm.com\/noticias\/wp-json\/wp\/v2\/comments?post=71168"}],"version-history":[{"count":2,"href":"https:\/\/vinasfm.com\/noticias\/wp-json\/wp\/v2\/posts\/71168\/revisions"}],"predecessor-version":[{"id":71328,"href":"https:\/\/vinasfm.com\/noticias\/wp-json\/wp\/v2\/posts\/71168\/revisions\/71328"}],"wp:featuredmedia":[{"embeddable":true,"href":"https:\/\/vinasfm.com\/noticias\/wp-json\/wp\/v2\/media\/219"}],"wp:attachment":[{"href":"https:\/\/vinasfm.com\/noticias\/wp-json\/wp\/v2\/media?parent=71168"}],"wp:term":[{"taxonomy":"category","embeddable":true,"href":"https:\/\/vinasfm.com\/noticias\/wp-json\/wp\/v2\/categories?post=71168"},{"taxonomy":"post_tag","embeddable":true,"href":"https:\/\/vinasfm.com\/noticias\/wp-json\/wp\/v2\/tags?post=71168"}],"curies":[{"name":"wp","href":"https:\/\/api.w.org\/{rel}","templated":true}]}}