{"id":70946,"date":"2020-06-10T06:38:25","date_gmt":"2020-06-10T09:38:25","guid":{"rendered":"http:\/\/vinasfm.com\/noticias\/?p=70946"},"modified":"2020-06-11T23:56:19","modified_gmt":"2020-06-12T02:56:19","slug":"el-concejo-deliberante-aprobo-por-unanimidad-una-resolucion-en-defensa-de-portezuelo-del-viento","status":"publish","type":"post","link":"https:\/\/vinasfm.com\/noticias\/el-concejo-deliberante-aprobo-por-unanimidad-una-resolucion-en-defensa-de-portezuelo-del-viento\/","title":{"rendered":"EL CONCEJO DELIBERANTE APROB\u00d3 POR UNANIMIDAD UNA RESOLUCI\u00d3N  EN DEFENSA DE PORTEZUELO DEL VIENTO"},"content":{"rendered":"<h4><strong>En la ma\u00f1ana del martes en Sesi\u00f3n Especial el Honorable Concejo Deliberante de Gral. Alvear, aprob\u00f3 una resoluci\u00f3n en Apoyo a la realizaci\u00f3n de la Obra Hidroel\u00e9ctrica. El Proyecto fue presentado por los Bloques UCR y PRO, y aprobado por unanimidad con el consenso y acompa\u00f1amiento del Bloque Frente de Todos.<\/strong><\/h4>\n<p>La Resoluci\u00f3n manifiesta:<\/p>\n<p>\u00abDefender la realizaci\u00f3n de la Obra Portezuelo del Viento. Y expresar nuestro apoyo al Sr. Gobernador Rodolfo Suarez en la gesti\u00f3n y defensa ante el COIRCO de los derechos que tiene la provincia de ejecutar y administrar el proyecto hidroel\u00e9ctrico Portezuelo del Viento de la Provincia de Mendoza\u00bb.<\/p>\n<p>\u00abSolicitar al Poder Ejecutivo Nacional, en la persona del Sr. Presidente Alberto Fern\u00e1ndez, proceda de inmediato en el marco de buena fe y legalidad en la ejecuci\u00f3n del proyecto hidroel\u00e9ctrico Portezuelo del Viento\u00bb.<\/p>\n<p>El Honorable Concejo Deliberante de Alvear, invita tambi\u00e9n a todas las fuerzas pol\u00edticas de la Provincia de Mendoza, a la Legislatura, a todos los Consejos de los departamentos de Mendoza, a las entidades intermedias y asociaciones de Gral. Alvear, que acompa\u00f1en la defensa de Portezuelo del Viento.<\/p>\n<h5><strong><em>A.C.<\/em><\/strong><\/h5>\n","protected":false},"excerpt":{"rendered":"<p>En la ma\u00f1ana del martes en Sesi\u00f3n Especial el Honorable Concejo Deliberante de Gral. Alvear, aprob\u00f3 una resoluci\u00f3n en Apoyo a &#8230;<\/p>\n","protected":false},"author":7,"featured_media":69031,"comment_status":"open","ping_status":"open","sticky":false,"template":"","format":"standard","meta":{"footnotes":""},"categories":[5,26],"tags":[],"class_list":["post-70946","post","type-post","status-publish","format-standard","has-post-thumbnail","hentry","category-actualidad","category-hcd"],"_links":{"self":[{"href":"https:\/\/vinasfm.com\/noticias\/wp-json\/wp\/v2\/posts\/70946","targetHints":{"allow":["GET"]}}],"collection":[{"href":"https:\/\/vinasfm.com\/noticias\/wp-json\/wp\/v2\/posts"}],"about":[{"href":"https:\/\/vinasfm.com\/noticias\/wp-json\/wp\/v2\/types\/post"}],"author":[{"embeddable":true,"href":"https:\/\/vinasfm.com\/noticias\/wp-json\/wp\/v2\/users\/7"}],"replies":[{"embeddable":true,"href":"https:\/\/vinasfm.com\/noticias\/wp-json\/wp\/v2\/comments?post=70946"}],"version-history":[{"count":1,"href":"https:\/\/vinasfm.com\/noticias\/wp-json\/wp\/v2\/posts\/70946\/revisions"}],"predecessor-version":[{"id":70947,"href":"https:\/\/vinasfm.com\/noticias\/wp-json\/wp\/v2\/posts\/70946\/revisions\/70947"}],"wp:featuredmedia":[{"embeddable":true,"href":"https:\/\/vinasfm.com\/noticias\/wp-json\/wp\/v2\/media\/69031"}],"wp:attachment":[{"href":"https:\/\/vinasfm.com\/noticias\/wp-json\/wp\/v2\/media?parent=70946"}],"wp:term":[{"taxonomy":"category","embeddable":true,"href":"https:\/\/vinasfm.com\/noticias\/wp-json\/wp\/v2\/categories?post=70946"},{"taxonomy":"post_tag","embeddable":true,"href":"https:\/\/vinasfm.com\/noticias\/wp-json\/wp\/v2\/tags?post=70946"}],"curies":[{"name":"wp","href":"https:\/\/api.w.org\/{rel}","templated":true}]}}