{"id":70931,"date":"2020-06-10T09:30:07","date_gmt":"2020-06-10T12:30:07","guid":{"rendered":"http:\/\/vinasfm.com\/noticias\/?p=70931"},"modified":"2020-06-11T23:55:33","modified_gmt":"2020-06-12T02:55:33","slug":"alvear-se-adecua-a-la-fase-de-distanciamiento-social","status":"publish","type":"post","link":"https:\/\/vinasfm.com\/noticias\/alvear-se-adecua-a-la-fase-de-distanciamiento-social\/","title":{"rendered":"ALVEAR SE ADEC\u00daA A LA FASE DE DISTANCIAMIENTO SOCIAL"},"content":{"rendered":"<h5><strong>Desde este martes, la provincia de Mendoza comenz\u00f3 la etapa de Distanciamiento Social, Preventivo y Obligatorio luego de haber sido aprobado por el gobierno nacional se revisaron los protocolos y las nuevas medidas donde el Comit\u00e9 Epidemiol\u00f3gico recomend\u00f3 revisar los horarios con el fin de evitar posibles aglomeraciones.\u00a0<\/strong><\/h5>\n<div><em>\u201cTenemos mucha informaci\u00f3n desde que pasamos a esta nueva etapa en la provincia, lo que si queremos es que todos las personas de General Alvear respetar bien las medidas porque el distanciamiento social significa que no se pueden realizar eventos en espacios libres, eventos sociales, etc\u201d<\/em> explic\u00f3 <strong>Carlos Ponce, Secretario de Desarrollo y Promoci\u00f3n Departamental<\/strong>.<\/div>\n<div><\/div>\n<div><em>\u201cLo que si vamos a seguir controlando son los puntos de ingreso a nuestro Departamento que pueden ser los lugares de ingreso del virus a General Alvear<\/em>\u201d, puntualiz\u00f3 Ponce.<\/div>\n<div><\/div>\n<div>\u00ab<em>Es importante saber que muchas cosas siguen igual <\/em>-explic\u00f3 <strong>Hugo Molina de Inspecci\u00f3n General-<\/strong> <em>pero otras se han modificado, como los horarios de los comercios ahora es de 8 a 19h, tambi\u00e9n se habilitan los gimnasios con todos los protocolos de salubridad, las reuniones con amigos en casas particulares, no se puede hacer en espacios p\u00fablicos o sal\u00f3n y las reuniones en familia. Tambi\u00e9n ahora no es necesario salir por el d\u00eda del DNI\u201d.<\/em><\/div>\n<div><\/div>\n<div>\u00ab<em>Con el tema de viajar se ha dividido por regiones, General Alvear est\u00e1 habilitado para hacerlo en la regi\u00f3n del sur de la provincia de Mendoza<\/em>\u201d, finaliz\u00f3 Molina.<\/div>\n<h5><em>\u2022F.B. (F.M. Vi\u00f1as).<\/em><\/h5>\n","protected":false},"excerpt":{"rendered":"<p>Desde este martes, la provincia de Mendoza comenz\u00f3 la etapa de Distanciamiento Social, Preventivo y Obligatorio luego de haber sido aprobado &#8230;<\/p>\n","protected":false},"author":8,"featured_media":70932,"comment_status":"open","ping_status":"open","sticky":false,"template":"","format":"standard","meta":{"footnotes":""},"categories":[5,69,72],"tags":[],"class_list":["post-70931","post","type-post","status-publish","format-standard","has-post-thumbnail","hentry","category-actualidad","category-comercio","category-cuarentena"],"_links":{"self":[{"href":"https:\/\/vinasfm.com\/noticias\/wp-json\/wp\/v2\/posts\/70931","targetHints":{"allow":["GET"]}}],"collection":[{"href":"https:\/\/vinasfm.com\/noticias\/wp-json\/wp\/v2\/posts"}],"about":[{"href":"https:\/\/vinasfm.com\/noticias\/wp-json\/wp\/v2\/types\/post"}],"author":[{"embeddable":true,"href":"https:\/\/vinasfm.com\/noticias\/wp-json\/wp\/v2\/users\/8"}],"replies":[{"embeddable":true,"href":"https:\/\/vinasfm.com\/noticias\/wp-json\/wp\/v2\/comments?post=70931"}],"version-history":[{"count":1,"href":"https:\/\/vinasfm.com\/noticias\/wp-json\/wp\/v2\/posts\/70931\/revisions"}],"predecessor-version":[{"id":70933,"href":"https:\/\/vinasfm.com\/noticias\/wp-json\/wp\/v2\/posts\/70931\/revisions\/70933"}],"wp:featuredmedia":[{"embeddable":true,"href":"https:\/\/vinasfm.com\/noticias\/wp-json\/wp\/v2\/media\/70932"}],"wp:attachment":[{"href":"https:\/\/vinasfm.com\/noticias\/wp-json\/wp\/v2\/media?parent=70931"}],"wp:term":[{"taxonomy":"category","embeddable":true,"href":"https:\/\/vinasfm.com\/noticias\/wp-json\/wp\/v2\/categories?post=70931"},{"taxonomy":"post_tag","embeddable":true,"href":"https:\/\/vinasfm.com\/noticias\/wp-json\/wp\/v2\/tags?post=70931"}],"curies":[{"name":"wp","href":"https:\/\/api.w.org\/{rel}","templated":true}]}}