{"id":70864,"date":"2020-06-09T09:55:58","date_gmt":"2020-06-09T12:55:58","guid":{"rendered":"http:\/\/vinasfm.com\/noticias\/?p=70864"},"modified":"2020-06-09T21:22:37","modified_gmt":"2020-06-10T00:22:37","slug":"se-puso-en-funcionamiento-el-modulo-de-abastecimiento-en-canalejas","status":"publish","type":"post","link":"https:\/\/vinasfm.com\/noticias\/se-puso-en-funcionamiento-el-modulo-de-abastecimiento-en-canalejas\/","title":{"rendered":"SE PUSO EN FUNCIONAMIENTO EL M\u00d3DULO DE ABASTECIMIENTO EN CANALEJAS"},"content":{"rendered":"<h4><strong>Durante la ma\u00f1ana de este lunes, se puso nuevamente en funcionamiento el m\u00f3dulo de abastecimiento de combustible ubicado en Canalejas.<\/strong><\/h4>\n<p>La reapertura se logr\u00f3 gracias a gestiones del municipio, que lo gerenciar\u00e1 a partir de ahora, con el objetivo de suplir una gran necesidad para la zona y para quienes ingresan o egresan al departamento por Ruta Nacional 188 en el l\u00edmite con San Luis.<\/p>\n<p>Tras haber completado una serie de tr\u00e1mites, el Municipio pudo poner en marcha nuevamente el m\u00f3dulo de abastecimiento de combustible ubicado en Canalejas: \u201c<strong><em>Estamos abriendo con combustible nuevo y respetando los precios de YPF, si bien lo gerenciar\u00e1 el Municipio<\/em><\/strong>\u201d, explic\u00f3 el <strong>Delegado de Bowen<\/strong>, <strong>Hern\u00e1n Climent<\/strong>.<\/p>\n<p>El lugar <strong>contar\u00e1 con dos personas para la atenci\u00f3n<\/strong>, en un horario donde se puedan cumplir las necesidad de quienes recorran esa zona (<strong><em>9-13h<\/em><\/strong>\/<strong><em>15-19h<\/em><\/strong>)<\/p>\n<p>Por su parte, el <strong>Secretario de Gobierno Jos\u00e9 Vilches<\/strong> remarc\u00f3 las gestiones realizadas por el Municipio para poder abrir nuevamente este m\u00f3dulo que brinda un gran servicio a los vecinos de la zona pero tambi\u00e9n a quienes recorren la Ruta 188 por ese sector.<\/p>\n<p>\u201c<em>Nos da mucho orgullo poder contar con uno de los pocos m\u00f3dulos que hay en el Pa\u00eds y que est\u00e1 disponible para que los vecinos puedan abastecerse sin tener que ir hasta el centro de la Ciudad<\/em>\u201d, manifest\u00f3 el funcionario.<\/p>\n<h5>\u2022<em>F.B. (F.M. Vi\u00f1as).<\/em><\/h5>\n","protected":false},"excerpt":{"rendered":"<p>Durante la ma\u00f1ana de este lunes, se puso nuevamente en funcionamiento el m\u00f3dulo de abastecimiento de combustible ubicado en Canalejas. La &#8230;<\/p>\n","protected":false},"author":8,"featured_media":70865,"comment_status":"open","ping_status":"open","sticky":false,"template":"","format":"standard","meta":{"footnotes":""},"categories":[5,10],"tags":[],"class_list":["post-70864","post","type-post","status-publish","format-standard","has-post-thumbnail","hentry","category-actualidad","category-destacadas"],"_links":{"self":[{"href":"https:\/\/vinasfm.com\/noticias\/wp-json\/wp\/v2\/posts\/70864","targetHints":{"allow":["GET"]}}],"collection":[{"href":"https:\/\/vinasfm.com\/noticias\/wp-json\/wp\/v2\/posts"}],"about":[{"href":"https:\/\/vinasfm.com\/noticias\/wp-json\/wp\/v2\/types\/post"}],"author":[{"embeddable":true,"href":"https:\/\/vinasfm.com\/noticias\/wp-json\/wp\/v2\/users\/8"}],"replies":[{"embeddable":true,"href":"https:\/\/vinasfm.com\/noticias\/wp-json\/wp\/v2\/comments?post=70864"}],"version-history":[{"count":1,"href":"https:\/\/vinasfm.com\/noticias\/wp-json\/wp\/v2\/posts\/70864\/revisions"}],"predecessor-version":[{"id":70866,"href":"https:\/\/vinasfm.com\/noticias\/wp-json\/wp\/v2\/posts\/70864\/revisions\/70866"}],"wp:featuredmedia":[{"embeddable":true,"href":"https:\/\/vinasfm.com\/noticias\/wp-json\/wp\/v2\/media\/70865"}],"wp:attachment":[{"href":"https:\/\/vinasfm.com\/noticias\/wp-json\/wp\/v2\/media?parent=70864"}],"wp:term":[{"taxonomy":"category","embeddable":true,"href":"https:\/\/vinasfm.com\/noticias\/wp-json\/wp\/v2\/categories?post=70864"},{"taxonomy":"post_tag","embeddable":true,"href":"https:\/\/vinasfm.com\/noticias\/wp-json\/wp\/v2\/tags?post=70864"}],"curies":[{"name":"wp","href":"https:\/\/api.w.org\/{rel}","templated":true}]}}